{"id":998,"date":"2009-09-21T17:55:26","date_gmt":"2009-09-21T15:55:26","guid":{"rendered":"http:\/\/www.fenrique.com\/blog\/?p=998"},"modified":"2009-09-21T17:58:26","modified_gmt":"2009-09-21T15:58:26","slug":"resultado-de-mi-equipo-de-la-vuelta","status":"publish","type":"post","link":"https:\/\/www.fenrique.com\/blog\/2009\/09\/21\/resultado-de-mi-equipo-de-la-vuelta\/","title":{"rendered":"Resultado de mi equipo de la Vuelta"},"content":{"rendered":"<p style=\"text-align: justify;\">Como<a href=\"http:\/\/www.fenrique.com\/blog\/empieza-la-vuelta-a-espana\/\" target=\"_blank\"> ya os dije a finales de agosto<\/a>, hice un equipo para la Vuelta a Espa\u00f1a en la web porras ciclistas, y claro, ahora que se ha acabado, os muestro c\u00f3mo ha quedado.<\/p>\n<p style=\"text-align: justify;\">Ha sido un equipo que ha ido de menos a m\u00e1s, aunque con algunas pegas: fall\u00e9 en la elecci\u00f3n del sprinter principal, que puse a Oscar Freire &#8211; Allan Davis y ninguno de los dos ha hecho una gran Vuelta.<\/p>\n<p style=\"text-align: justify;\">Tampoco me fue bien con la elecci\u00f3n de mi 2\u00ba gregario, Pierrick Fedrigo, que abandon\u00f3 casi el principio de la Vuelta.<\/p>\n<p style=\"text-align: justify;\">En fin&#8230; al menos tengo al ganador final de la Vuelta y a uno de los que han estado casi hasta el final con opciones de ganarla (Valverde y Gesink).<\/p>\n<p style=\"text-align: justify;\">Por \u00faltimo, y como sugerencia para otros a\u00f1os, me gustar\u00eda que se tuviera en cuenta otros factores que no son puntuables en la competici\u00f3n oficial, como n\u00famero de d\u00edas escapado o n\u00famero de kil\u00f3metros en fuga. Por ejemplo, el ciclista de Zafra, Juli\u00e1n S\u00e1nchez Pimienta ha estado este a\u00f1o, un mont\u00f3n de d\u00edas en fuga, sin tener luego reflejo en las puntuaciones de esta web, que en total, para mi equipo, han sido estas (click en la imagen para verla en grande):<\/p>\n<p><a href=\"http:\/\/www.flickr.com\/photos\/fenrique\/3941435852\/sizes\/o\/\" target=\"_blank\"><img loading=\"lazy\" decoding=\"async\" class=\"alignnone\" title=\"porras ciclistas, equipo pollopo\" src=\"http:\/\/farm4.static.flickr.com\/3476\/3941435852_5543a9d46f.jpg\" alt=\"\" width=\"500\" height=\"484\" \/><\/a><\/p>\n","protected":false},"excerpt":{"rendered":"<p>Como ya os dije a finales de agosto, hice un equipo para la Vuelta a Espa\u00f1a en la web porras ciclistas, y claro, ahora que se ha acabado, os muestro <a href=\"https:\/\/www.fenrique.com\/blog\/2009\/09\/21\/resultado-de-mi-equipo-de-la-vuelta\/\" class=\"more-link\">[&hellip;]<\/a><\/p>\n","protected":false},"author":2,"featured_media":0,"comment_status":"open","ping_status":"open","sticky":false,"template":"","format":"standard","meta":{"_exactmetrics_skip_tracking":false,"_exactmetrics_sitenote_active":false,"_exactmetrics_sitenote_note":"","_exactmetrics_sitenote_category":0,"Layout":"","jetpack_post_was_ever_published":false,"_jetpack_newsletter_access":"","_jetpack_dont_email_post_to_subs":false,"_jetpack_newsletter_tier_id":0,"_jetpack_memberships_contains_paywalled_content":false,"_jetpack_memberships_contains_paid_content":false,"footnotes":"","jetpack_publicize_message":"","jetpack_publicize_feature_enabled":true,"jetpack_social_post_already_shared":false,"jetpack_social_options":{"image_generator_settings":{"template":"highway","default_image_id":0,"font":"","enabled":false},"version":2}},"categories":[101,31],"tags":[365,2864,2793,2866,2865],"class_list":["entry","author-fenrique","post-998","post","type-post","status-publish","format-standard","category-deprisa-y-corriendo","category-haciendo-deporte","tag-equipo","tag-pollopo","tag-porras-ciclistas","tag-porrasciclistas","tag-vuelta-ciclista-a-espana"],"jetpack_publicize_connections":[],"jetpack_featured_media_url":"","jetpack_shortlink":"https:\/\/wp.me\/p172Ei-g6","jetpack_likes_enabled":true,"jetpack_sharing_enabled":true,"_links":{"self":[{"href":"https:\/\/www.fenrique.com\/blog\/wp-json\/wp\/v2\/posts\/998","targetHints":{"allow":["GET"]}}],"collection":[{"href":"https:\/\/www.fenrique.com\/blog\/wp-json\/wp\/v2\/posts"}],"about":[{"href":"https:\/\/www.fenrique.com\/blog\/wp-json\/wp\/v2\/types\/post"}],"author":[{"embeddable":true,"href":"https:\/\/www.fenrique.com\/blog\/wp-json\/wp\/v2\/users\/2"}],"replies":[{"embeddable":true,"href":"https:\/\/www.fenrique.com\/blog\/wp-json\/wp\/v2\/comments?post=998"}],"version-history":[{"count":3,"href":"https:\/\/www.fenrique.com\/blog\/wp-json\/wp\/v2\/posts\/998\/revisions"}],"predecessor-version":[{"id":1005,"href":"https:\/\/www.fenrique.com\/blog\/wp-json\/wp\/v2\/posts\/998\/revisions\/1005"}],"wp:attachment":[{"href":"https:\/\/www.fenrique.com\/blog\/wp-json\/wp\/v2\/media?parent=998"}],"wp:term":[{"taxonomy":"category","embeddable":true,"href":"https:\/\/www.fenrique.com\/blog\/wp-json\/wp\/v2\/categories?post=998"},{"taxonomy":"post_tag","embeddable":true,"href":"https:\/\/www.fenrique.com\/blog\/wp-json\/wp\/v2\/tags?post=998"}],"curies":[{"name":"wp","href":"https:\/\/api.w.org\/{rel}","templated":true}]}}