{"id":897,"date":"2009-08-31T07:18:19","date_gmt":"2009-08-31T05:18:19","guid":{"rendered":"http:\/\/www.fenrique.com\/blog\/?p=897"},"modified":"2009-09-01T18:39:59","modified_gmt":"2009-09-01T16:39:59","slug":"dia-del-blog-2009-mis-5-blogs-recomendados","status":"publish","type":"post","link":"https:\/\/www.fenrique.com\/blog\/2009\/08\/31\/dia-del-blog-2009-mis-5-blogs-recomendados\/","title":{"rendered":"D\u00eda del Blog 2009: Mis 5 blogs recomendados"},"content":{"rendered":"<p style=\"text-align: justify;\">Como ya hice <a href=\"http:\/\/www.fenrique.com\/blog\/dia-del-blog-mis-5-blogs-recomendados\/\" target=\"_blank\">el a\u00f1o pasado<\/a>, me dispongo a cumplir con un \u00abpedido\u00bb que se hace a trav\u00e9s de la web del evento \u00abDIA DEL BLOG\u00bb y os recomiendo 5 de mis blogs favoritos. El a\u00f1o pasado fueron \u00ab<a href=\"http:\/\/manuel77.wordpress.com\/\" target=\"_blank\">Cacere\u00f1o por un a\u00f1o<\/a>\u00ab, \u00ab<a href=\"http:\/\/www.kecprosport.com\/deportistas\/Joaquin-Rodriguez-Oliver.asp\" target=\"_blank\">Joaquin Rodr\u00edguez<\/a>\u00ab, \u00ab<a href=\"http:\/\/1secretoavoces.blogspot.com\/\" target=\"_blank\">En Voz Baja<\/a>\u00ab, \u00ab<a href=\"http:\/\/caducahoy.blogspot.com\/\" target=\"_blank\">Caduca Hoy<\/a>\u00bb y \u00ab<a href=\"http:\/\/blogs.20minutos.es\/quefuede\" target=\"_blank\">La Web de los Deportistas Olvidados<\/a>\u00ab<\/p>\n<p style=\"text-align: justify;\">Este a\u00f1o, la elecci\u00f3n que he hecho ha sido muy dif\u00edcil, porque han sido muchos los que han sido imprescindibles de leer d\u00eda a d\u00eda. Por eso, los he clasificado por temas, tal y como los tengo en mi lista de \u00abMarcadores\u00bb. Tambi\u00e9n quiero mostraros blogs que no sean excesivamente conocidos, para que \u00e9stos tengan un poquito de mayor difusi\u00f3n :<\/p>\n<p style=\"text-align: justify;\">Humor:<\/p>\n<ul style=\"text-align: justify;\">\n<li><strong>Los Calvitos<\/strong>. Estaban dentro de la comunidad de blogs de la web de la Cadena Ser, pero se han hecho mayores y tienen espacio propio. Bajo un marcado tono ideol\u00f3gico muestran su visi\u00f3n subjetiva de la actualidad pol\u00edtica. La direcci\u00f3n: <a href=\"http:\/\/loscalvitos.com\/\" target=\"_blank\">http:\/\/loscalvitos.com\/<\/a><\/li>\n<\/ul>\n<p style=\"text-align: justify;\">Deportes:<\/p>\n<ul style=\"text-align: justify;\">\n<li><strong>Ciclismo 2005<\/strong>. \u00c1cido corrosivo contra la mafia ciclista que hay en la actualidad, sobre todo en cuesti\u00f3n de dopaje. No deja indiferente. Adem\u00e1s suele contar con una media de 35 comentarios por post, lo que hace de este blog uno de los m\u00e1s seguidos. Adem\u00e1s, el estilo al escribir es indiscutible. La direcci\u00f3n: <a href=\"http:\/\/ciclismo2005.blogspot.com\/\" target=\"_blank\">http:\/\/ciclismo2005.blogspot.com\/<\/a><\/li>\n<\/ul>\n<p style=\"text-align: justify;\">Tecnolog\u00eda:<\/p>\n<ul style=\"text-align: justify;\">\n<li style=\"text-align: justify;\"><strong>Novatillasku<\/strong>. Una extreme\u00f1a en la Com. Valenciana nos muestra post a post trucos y consejos, m\u00e1s o menos avanzados, para que os cambi\u00e9is de Windows a Linux sin que ello suponga un trauma (yo ya lo hice). Como dice el propio t\u00edtulo del blog, Comparte lo que aprende. La direcci\u00f3n: <a href=\"http:\/\/novatillasku.com\/\" target=\"_blank\">http:\/\/novatillasku.com\/<\/a><\/li>\n<\/ul>\n<p>Actualidad e Informaci\u00f3n:<\/p>\n<ul>\n<li><strong>Pulso Digital<\/strong>. Si hay algo que te gustar\u00eda saber, si no est\u00e1 aqu\u00ed, lo estar\u00e1. Con comentarios sencillos aprender\u00e1s las cosas m\u00e1s insospechadas. La direcci\u00f3n: <a href=\"http:\/\/www.pulsodigital.net\/\" target=\"_blank\">http:\/\/www.pulsodigital.net\/<\/a><\/li>\n<\/ul>\n<p>Compa\u00f1eros y amigos:<\/p>\n<ul>\n<li><strong>Tampoco es pa tanto<\/strong>: El blog de mi antigua compa\u00f1era Bego\u00f1a, me gusta mucho y por eso lo recomiendo, tanto por sus experiencias, consejos, contenido para compartir&#8230; La direcci\u00f3n: <a href=\"http:\/\/tampocoespatanto.blogspot.com\/\" target=\"_blank\">http:\/\/tampocoespatanto.blogspot.com\/<\/a><\/li>\n<\/ul>\n<p>Y como recomendados, aunque fuera de esos 5, echad un vistazo a&#8230;<\/p>\n<p><a href=\"http:\/\/nikamatrix.spaces.live.com\/blog\/\" target=\"_blank\">Blog de Una Sopa en un Mundo de Tenedores<\/a><\/p>\n<p><a href=\"http:\/\/notasdecarlos.blogspot.com\/\" target=\"_blank\">Notas de Carlos<\/a><\/p>\n<p><a href=\"http:\/\/www.deambulando.com\/\" target=\"_blank\">Deambulando la Red<\/a><\/p>\n<p><a href=\"http:\/\/www.toleranteynegativa.blogspot.com\/\" target=\"_blank\">Cada D\u00eda es Diferente<\/a><\/p>\n<p><img loading=\"lazy\" decoding=\"async\" class=\"alignnone\" title=\"dia del blog\" src=\"http:\/\/www.diadelblog.com\/wp-content\/uploads\/2009\/08\/blogday_140x280_2009.jpg\" alt=\"\" width=\"140\" height=\"280\" \/><\/p>\n<p>Enlace Spotify: <a href=\"http:\/\/open.spotify.com\/track\/3ZffCQKLFLUvYM59XKLbVm\" target=\"_blank\">Green Day &#8211; Wake Me Up When\u00a0 September Ends<\/a><\/p>\n","protected":false},"excerpt":{"rendered":"<p>Como ya hice el a\u00f1o pasado, me dispongo a cumplir con un \u00abpedido\u00bb que se hace a trav\u00e9s de la web del evento \u00abDIA DEL BLOG\u00bb y os recomiendo 5 <a href=\"https:\/\/www.fenrique.com\/blog\/2009\/08\/31\/dia-del-blog-2009-mis-5-blogs-recomendados\/\" class=\"more-link\">[&hellip;]<\/a><\/p>\n","protected":false},"author":2,"featured_media":0,"comment_status":"open","ping_status":"open","sticky":false,"template":"","format":"standard","meta":{"_exactmetrics_skip_tracking":false,"_exactmetrics_sitenote_active":false,"_exactmetrics_sitenote_note":"","_exactmetrics_sitenote_category":0,"Layout":"","jetpack_post_was_ever_published":false,"_jetpack_newsletter_access":"","_jetpack_dont_email_post_to_subs":false,"_jetpack_newsletter_tier_id":0,"_jetpack_memberships_contains_paywalled_content":false,"_jetpack_memberships_contains_paid_content":false,"footnotes":"","jetpack_publicize_message":"","jetpack_publicize_feature_enabled":true,"jetpack_social_post_already_shared":false,"jetpack_social_options":{"image_generator_settings":{"template":"highway","default_image_id":0,"font":"","enabled":false},"version":2}},"categories":[7,5],"tags":[1615,1598,1597,2806,2807],"class_list":["entry","author-fenrique","post-897","post","type-post","status-publish","format-standard","category-fenrique-piensa-que","category-personal-y-transferible","tag-1615","tag-blogs-recomendados","tag-dia-del-blog","tag-green-day","tag-september"],"jetpack_publicize_connections":[],"jetpack_featured_media_url":"","jetpack_shortlink":"https:\/\/wp.me\/p172Ei-et","jetpack_likes_enabled":true,"jetpack_sharing_enabled":true,"_links":{"self":[{"href":"https:\/\/www.fenrique.com\/blog\/wp-json\/wp\/v2\/posts\/897","targetHints":{"allow":["GET"]}}],"collection":[{"href":"https:\/\/www.fenrique.com\/blog\/wp-json\/wp\/v2\/posts"}],"about":[{"href":"https:\/\/www.fenrique.com\/blog\/wp-json\/wp\/v2\/types\/post"}],"author":[{"embeddable":true,"href":"https:\/\/www.fenrique.com\/blog\/wp-json\/wp\/v2\/users\/2"}],"replies":[{"embeddable":true,"href":"https:\/\/www.fenrique.com\/blog\/wp-json\/wp\/v2\/comments?post=897"}],"version-history":[{"count":5,"href":"https:\/\/www.fenrique.com\/blog\/wp-json\/wp\/v2\/posts\/897\/revisions"}],"predecessor-version":[{"id":899,"href":"https:\/\/www.fenrique.com\/blog\/wp-json\/wp\/v2\/posts\/897\/revisions\/899"}],"wp:attachment":[{"href":"https:\/\/www.fenrique.com\/blog\/wp-json\/wp\/v2\/media?parent=897"}],"wp:term":[{"taxonomy":"category","embeddable":true,"href":"https:\/\/www.fenrique.com\/blog\/wp-json\/wp\/v2\/categories?post=897"},{"taxonomy":"post_tag","embeddable":true,"href":"https:\/\/www.fenrique.com\/blog\/wp-json\/wp\/v2\/tags?post=897"}],"curies":[{"name":"wp","href":"https:\/\/api.w.org\/{rel}","templated":true}]}}