{"id":886,"date":"2009-08-29T13:03:57","date_gmt":"2009-08-29T11:03:57","guid":{"rendered":"http:\/\/www.fenrique.com\/blog\/?p=886"},"modified":"2009-09-01T18:41:55","modified_gmt":"2009-09-01T16:41:55","slug":"empieza-la-vuelta-a-espana","status":"publish","type":"post","link":"https:\/\/www.fenrique.com\/blog\/2009\/08\/29\/empieza-la-vuelta-a-espana\/","title":{"rendered":"Empieza la Vuelta a Espa\u00f1a"},"content":{"rendered":"<p>Adem\u00e1s de la Liga de f\u00fatbol, hoy empieza la <strong><a href=\"http:\/\/www.lavuelta.com\/09\/espanol\/recorrido\/mapa.html?e=p\" target=\"_blank\"><span style=\"text-decoration: underline;\">Vuelta Ciclista a Espa\u00f1a<\/span><\/a><\/strong>. Lo hace, precisamente, fuera del pa\u00eds, concretamente en el<a href=\"http:\/\/www.lavuelta.com\/09\/espanol\/recorrido\/index.html?e=1\" target=\"_blank\"> famoso circu\u00edto de motos de Assen<\/a>, en Holanda, llamado \u00ab<a href=\"http:\/\/blog.blogosfere.it\/blogs\/racing\/images\/2009\/assen.jpg\" target=\"_blank\">La Catedral<\/a>\u00bb con una contrarreloj de 4,7km, una vuelta al trazado holand\u00e9s.<\/p>\n<p>En la web <a href=\"http:\/\/www.porrasciclistas.com\/cas\/juego\/porra-inicio.asp\" target=\"_blank\"><span style=\"text-decoration: underline;\">porrasciclistas.com<\/span><\/a> han organizado, como su nombre propio indica, una porra para que los que quer\u00e1is, pod\u00e1is elegir, <a href=\"http:\/\/www.biciciclismo.com\/cas\/site\/noticias-ficha.asp?id=16523\" target=\"_blank\"><span style=\"text-decoration: underline;\">de entre todos los participantes<\/span><\/a>, a 9 corredores que puntuar\u00e1n durante la Vuelta, seg\u00fan los resultados en carrera, vamos, lo que es una porra.<\/p>\n<p>Yo ya he hecho mi equipo, que, como no pod\u00eda ser de otra forma, lo he llamado \u00ab<strong>POLLOPO<\/strong>\u00bb y lo forman estos ciclistas:<\/p>\n<ul>\n<li>Lider: <strong>Alejandro Valverde<\/strong> (Caisse D&#8217;Epargne)<\/li>\n<li>Aspirante: <span style=\"color: #ff6600;\"><strong>Robert Gesink<\/strong><\/span> (Rabobank)<\/li>\n<li>Sprinter 1: <span style=\"color: #ff6600;\"><strong>\u00d3scar Freire<\/strong> <\/span>(Rabobank)<\/li>\n<li>Sprinter 2: <span style=\"color: #0000ff;\"><strong>Allan Davis<\/strong><\/span> (Quick Step)<\/li>\n<li>Combativos: <strong>Joaquin Rodr\u00edguez<\/strong> (Caisse D&#8217;Epargne)<\/li>\n<li>Contrarrelojista: <strong>Fabian Cancellara<\/strong> (Saxo Bank)<\/li>\n<li>Escalador: <strong><span style=\"color: #ff6600;\">Igor Ant\u00f3n<\/span> <\/strong>(Euskatel &#8211; Euskadi)<\/li>\n<li>Gregario 1: <span style=\"color: #ff0000;\"><strong>Juli\u00e1n Sanchez Pimienta<\/strong><\/span> (Contenpolis Murcia)<\/li>\n<li>Gregario 2: <span style=\"color: #00ccff;\"><strong>Pierrick Fedrigo<\/strong><\/span> (BBOX Bouyges Telecom)<\/li>\n<li>Gregario 3: <span style=\"color: #0000ff;\"><strong>Mateo Tossato<\/strong><\/span> (Quick Step)<\/li>\n<\/ul>\n<p>Seg\u00fan avance la carrera os dir\u00e9 c\u00f3mo va el equipo y si gano algo<\/p>\n<p>Que gane el mejor<\/p>\n<p>Enlace Spotify: <a href=\"http:\/\/open.spotify.com\/track\/3c4gb10sLoDr3OCoLIKRqm\" target=\"_blank\">Willie Nelson &#8211; On the Road Again<\/a><\/p>\n","protected":false},"excerpt":{"rendered":"<p>Adem\u00e1s de la Liga de f\u00fatbol, hoy empieza la Vuelta Ciclista a Espa\u00f1a. Lo hace, precisamente, fuera del pa\u00eds, concretamente en el famoso circu\u00edto de motos de Assen, en Holanda, <a href=\"https:\/\/www.fenrique.com\/blog\/2009\/08\/29\/empieza-la-vuelta-a-espana\/\" class=\"more-link\">[&hellip;]<\/a><\/p>\n","protected":false},"author":2,"featured_media":0,"comment_status":"open","ping_status":"open","sticky":false,"template":"","format":"standard","meta":{"_exactmetrics_skip_tracking":false,"_exactmetrics_sitenote_active":false,"_exactmetrics_sitenote_note":"","_exactmetrics_sitenote_category":0,"Layout":"","jetpack_post_was_ever_published":false,"_jetpack_newsletter_access":"","_jetpack_dont_email_post_to_subs":false,"_jetpack_newsletter_tier_id":0,"_jetpack_memberships_contains_paywalled_content":false,"_jetpack_memberships_contains_paid_content":false,"footnotes":"","jetpack_publicize_message":"","jetpack_publicize_feature_enabled":true,"jetpack_social_post_already_shared":false,"jetpack_social_options":{"image_generator_settings":{"template":"highway","default_image_id":0,"font":"","enabled":false},"version":2}},"categories":[101,7,31],"tags":[470,2793,2104],"class_list":["entry","author-fenrique","post-886","post","type-post","status-publish","format-standard","category-deprisa-y-corriendo","category-fenrique-piensa-que","category-haciendo-deporte","tag-mi-equipo","tag-porras-ciclistas","tag-vuelta-a-espana"],"jetpack_publicize_connections":[],"jetpack_featured_media_url":"","jetpack_shortlink":"https:\/\/wp.me\/p172Ei-ei","jetpack_likes_enabled":true,"jetpack_sharing_enabled":true,"_links":{"self":[{"href":"https:\/\/www.fenrique.com\/blog\/wp-json\/wp\/v2\/posts\/886","targetHints":{"allow":["GET"]}}],"collection":[{"href":"https:\/\/www.fenrique.com\/blog\/wp-json\/wp\/v2\/posts"}],"about":[{"href":"https:\/\/www.fenrique.com\/blog\/wp-json\/wp\/v2\/types\/post"}],"author":[{"embeddable":true,"href":"https:\/\/www.fenrique.com\/blog\/wp-json\/wp\/v2\/users\/2"}],"replies":[{"embeddable":true,"href":"https:\/\/www.fenrique.com\/blog\/wp-json\/wp\/v2\/comments?post=886"}],"version-history":[{"count":8,"href":"https:\/\/www.fenrique.com\/blog\/wp-json\/wp\/v2\/posts\/886\/revisions"}],"predecessor-version":[{"id":888,"href":"https:\/\/www.fenrique.com\/blog\/wp-json\/wp\/v2\/posts\/886\/revisions\/888"}],"wp:attachment":[{"href":"https:\/\/www.fenrique.com\/blog\/wp-json\/wp\/v2\/media?parent=886"}],"wp:term":[{"taxonomy":"category","embeddable":true,"href":"https:\/\/www.fenrique.com\/blog\/wp-json\/wp\/v2\/categories?post=886"},{"taxonomy":"post_tag","embeddable":true,"href":"https:\/\/www.fenrique.com\/blog\/wp-json\/wp\/v2\/tags?post=886"}],"curies":[{"name":"wp","href":"https:\/\/api.w.org\/{rel}","templated":true}]}}