{"id":84,"date":"2007-12-18T21:07:48","date_gmt":"2007-12-18T19:07:48","guid":{"rendered":"http:\/\/www.fenrique.com\/blog\/archives\/84"},"modified":"2007-12-18T21:07:48","modified_gmt":"2007-12-18T19:07:48","slug":"caso-veridico","status":"publish","type":"post","link":"https:\/\/www.fenrique.com\/blog\/2007\/12\/18\/caso-veridico\/","title":{"rendered":"Caso ver\u00eddico"},"content":{"rendered":"<p align=\"justify\">Esto me acaba de llegar por <a href=\"http:\/\/fenrique.com\/index.php?option=com_contact&amp;Itemid=3\" target=\"_blank\">correo electr\u00f3nico:<\/a><\/p>\n<p align=\"justify\"><a href=\"http:\/\/fenrique.com\/index.php?option=com_contact&amp;Itemid=3\" target=\"_blank\"><\/a><br \/>\nUna carta muy cachonda de una empresa andaluza que recibi\u00f3 una multa de Barcelona&#8230; en catal\u00e1n.<\/p>\n<p align=\"justify\">Estimados amigos\/as: Hace unos d\u00edas se recibi\u00f3 en las oficinas de la empresa para la que trabajo como Gerente una comunicaci\u00f3n del Ayuntamiento de Castellgal\u00ed (Barcelona), en la que parece ser que ped\u00edan el embargo del salario de uno de nuestros empleados. La limitada inteligencia de alg\u00fan pol\u00edtico o funcionario debi\u00f3 de prevalecer por encima del m\u00e1s com\u00fan de los sentidos (que ya se sabe que es el sentido com\u00fan), para enviar la misiva en idioma catal\u00e1n (ah\u00ed, con dos cojones, que dir\u00eda Arturo P\u00e9rez-Reverte).<\/p>\n<p align=\"justify\">Algunos empleados de mi compa\u00f1\u00eda pensaron que hab\u00eda que enviar una respuesta agresiva por tama\u00f1a desfachatez. Siempre he pensado que la intransigencia y el fundamentalismo, que es una rama menor de la ignorancia aderezada de unas gotitas de catetez, se ha de combatir desde la iron\u00eda y el buen humor. De ah\u00ed que pens\u00e9 que ser\u00eda mucho mejor responderles utilizando algo de su misma medicina.<\/p>\n<p align=\"justify\">Os env\u00edo copia de la carta con la que he respondido al Cap d\u00b4Oficina del Ajuntament de Castellgali.<\/p>\n<p align=\"justify\">Un saludo a todos. Jos\u00e9 Sarria.<\/p>\n<p align=\"justify\">&nbsp;<\/p>\n<p align=\"right\">Sr. D. MARC BAJONA CAMPS<\/p>\n<p align=\"right\">Cap d\u00b4Oficina\/Departament<\/p>\n<p align=\"right\">Organisme de Gesti\u00f3 Tribut\u00e1ria<\/p>\n<p align=\"right\">Ajuntament de Castellgal\u00ed<\/p>\n<p align=\"right\">&nbsp;<\/p>\n<p align=\"right\">M\u00e1laga (Andalus\u00eda, er Sur)<\/p>\n<p align=\"right\">19 de setiembre de 2005<\/p>\n<p align=\"justify\">&nbsp;<\/p>\n<p align=\"justify\">Estimado Sr. Cap d\u00b4Oficina:<\/p>\n<p align=\"justify\">&nbsp;<\/p>\n<p align=\"justify\">Hemo resib\u00edo zu carta de fesha trentiuno d\u00b4agosto der presenta\u00f1o, en la que nos  comunica argo mu\u00b4estra\u00f1o referente a don Hos\u00e9 Antonio Garc\u00eda Mar\u00edn y qu\u00b4hasta la prezente no hemo pod\u00edo descifr\u00e1, dado er raro lenguahe en er que intentan comunicarsse con nosotro.<\/p>\n<p align=\"justify\">Le huro por Di\u00f3 que\u00b4hemo hesho to lo possible por aclar\u00e1 zi nosotro le debemo a ustede argo o son ustede los que nos tienen que has\u00e9 arg\u00fan pago. Nuestro Hefe D\u00b4Amnistrassi\u00f3n se\u00b4ncuentra el\u00b4hombre recuper\u00e1ndose der soponsio, alelao, pero l\u00b4asseguro qu\u00b4haremo to lo possible por acab\u00e1 de orientarmo y aclar\u00e1 este complejo crintograma que nos han remitio.<\/p>\n<p align=\"justify\">Lo que m\u00e1 difissi est\u00e1 siendo de\u00b4ntend\u00e9 e\u00b4esso de \u00abla seva propietat que puguin figurar amb prelaci\u00f3 als sous\u00bb o lo de \u00abde tot aix\u00f3 se\u00b4n dona trasllat a l\u00b4empresa\u00bb, pero no dude que\u00b4ncuanto h\u00b4ayamo ressuerto el assertiho le daremo cumpl\u00eda respuesta.<\/p>\n<p align=\"justify\">No\u00b4stante to lo anteri\u00f3, y si no fuesse molestia pa\u00b4ust\u00e9, a fin devit\u00e1 insidentes diplom\u00e1ticos mayore, le rogar\u00eda que\u00b4nlosusesivo se dirihiese a nosotro en la lengua materna de Garcilaso, Cervantes, G\u00f3ngora, Calder\u00f3n, Juan Ram\u00f3n Jim\u00e9nez, P\u00edo Baroja, Unamuno, Ortega y Gasset o Vicente Aleixandre, porque a los catetos der sur, en cuanto los sacas der castellano y de cuatro frases h\u00b4echas en frans\u00e9 o ingl\u00e9 (ya sabe, \u00abvu le vu cuxe avec mua sexua??\u00bb o aquello de \u00abdo you want make love with me??\u00bb, pa\u00b4impression\u00e1 a las suecas o masisas teut\u00f3nicas qu\u00b4inundan nuestras playas) se pierden.<\/p>\n<p align=\"justify\">Quedando a su disposisi\u00f3n, aprovecho er momento ep\u00edstol\u00e1 pa\u00b4nviarle un afectuosso y cordi\u00e1 saludo,<\/p>\n<p align=\"justify\">&nbsp;<\/p>\n<p align=\"justify\">&nbsp;<\/p>\n<p align=\"justify\">&nbsp;<\/p>\n<p align=\"right\">Fdo.: Jos\u00e9 Sarri\u00e1<\/p>\n<p align=\"right\">Gerente (o Manachemen)<\/p>\n<p align=\"justify\">&nbsp;<\/p>\n","protected":false},"excerpt":{"rendered":"<p>Esto me acaba de llegar por correo electr\u00f3nico: Una carta muy cachonda de una empresa andaluza que recibi\u00f3 una multa de Barcelona&#8230; en catal\u00e1n. Estimados amigos\/as: Hace unos d\u00edas se <a href=\"https:\/\/www.fenrique.com\/blog\/2007\/12\/18\/caso-veridico\/\" class=\"more-link\">[&hellip;]<\/a><\/p>\n","protected":false},"author":2,"featured_media":0,"comment_status":"open","ping_status":"open","sticky":false,"template":"","format":"standard","meta":{"_exactmetrics_skip_tracking":false,"_exactmetrics_sitenote_active":false,"_exactmetrics_sitenote_note":"","_exactmetrics_sitenote_category":0,"Layout":"","jetpack_post_was_ever_published":false,"_jetpack_newsletter_access":"","_jetpack_dont_email_post_to_subs":false,"_jetpack_newsletter_tier_id":0,"_jetpack_memberships_contains_paywalled_content":false,"_jetpack_memberships_contains_paid_content":false,"footnotes":"","jetpack_publicize_message":"","jetpack_publicize_feature_enabled":true,"jetpack_social_post_already_shared":false,"jetpack_social_options":{"image_generator_settings":{"template":"highway","default_image_id":0,"font":"","enabled":false},"version":2}},"categories":[5],"tags":[66,65,64,48],"class_list":["entry","author-fenrique","post-84","post","type-post","status-publish","format-standard","category-personal-y-transferible","tag-andalucia","tag-catalan","tag-correo","tag-humor"],"jetpack_publicize_connections":[],"jetpack_featured_media_url":"","jetpack_shortlink":"https:\/\/wp.me\/p172Ei-1m","jetpack_likes_enabled":true,"jetpack_sharing_enabled":true,"_links":{"self":[{"href":"https:\/\/www.fenrique.com\/blog\/wp-json\/wp\/v2\/posts\/84","targetHints":{"allow":["GET"]}}],"collection":[{"href":"https:\/\/www.fenrique.com\/blog\/wp-json\/wp\/v2\/posts"}],"about":[{"href":"https:\/\/www.fenrique.com\/blog\/wp-json\/wp\/v2\/types\/post"}],"author":[{"embeddable":true,"href":"https:\/\/www.fenrique.com\/blog\/wp-json\/wp\/v2\/users\/2"}],"replies":[{"embeddable":true,"href":"https:\/\/www.fenrique.com\/blog\/wp-json\/wp\/v2\/comments?post=84"}],"version-history":[{"count":0,"href":"https:\/\/www.fenrique.com\/blog\/wp-json\/wp\/v2\/posts\/84\/revisions"}],"wp:attachment":[{"href":"https:\/\/www.fenrique.com\/blog\/wp-json\/wp\/v2\/media?parent=84"}],"wp:term":[{"taxonomy":"category","embeddable":true,"href":"https:\/\/www.fenrique.com\/blog\/wp-json\/wp\/v2\/categories?post=84"},{"taxonomy":"post_tag","embeddable":true,"href":"https:\/\/www.fenrique.com\/blog\/wp-json\/wp\/v2\/tags?post=84"}],"curies":[{"name":"wp","href":"https:\/\/api.w.org\/{rel}","templated":true}]}}