{"id":818,"date":"2009-08-10T06:59:52","date_gmt":"2009-08-10T04:59:52","guid":{"rendered":"http:\/\/www.fenrique.com\/blog\/?p=818"},"modified":"2009-08-10T00:20:34","modified_gmt":"2009-08-09T22:20:34","slug":"la-imagen-de-la-desolacion","status":"publish","type":"post","link":"https:\/\/www.fenrique.com\/blog\/2009\/08\/10\/la-imagen-de-la-desolacion\/","title":{"rendered":"La imagen de la desolaci\u00f3n"},"content":{"rendered":"<p style=\"text-align: justify;\">Ayer por la ma\u00f1ana particip\u00e9 en una marcha cicloturista, que saliendo de la localidad de Montehermoso, recorri\u00f3 buena parte de la comarca de las Hurdes. Pasamos por Pinofranqueado, Caminomorisco y al llegar a Cambr\u00f3n y Cambroncino, y sobre todo al pasar \u00e9sta \u00faltima, se abri\u00f3 ante nosotros la m\u00e1s triste de las im\u00e1genes, centanas de hect\u00e1reas de lo que hace tan s\u00f3lo unos d\u00edas era unos enormes pinares, convertidos en una piconera descomunal.<\/p>\n<p style=\"text-align: justify;\">Con esta imagen apenas podr\u00e9 expresar lo que vi, pero lo que s\u00ed que no se puede contar en un blog es el olor a madera y pasto quemado. Era realmente impresionante, estar rodeado de monta\u00f1as negras y a\u00fan oiendo a humo, impresionante y trist\u00edsimo&#8230;<\/p>\n<p><img loading=\"lazy\" decoding=\"async\" class=\"alignnone\" title=\"hurdes\" src=\"http:\/\/farm4.static.flickr.com\/3432\/3804970307_f4536607f7.jpg\" alt=\"\" width=\"500\" height=\"333\" \/><\/p>\n<p>Hace casi un a\u00f1o escrib\u00ed un <a href=\"http:\/\/www.fenrique.com\/blog\/por-que-me-gusta-el-cicloturismo\/\" target=\"_blank\">post acerca de lo bonita que era la zona<\/a>, fijaros como est\u00e1 ahora&#8230;<\/p>\n<p>Imagen: Puente de la carretera a La Pesga (por ah\u00ed pasamos), via <a href=\"http:\/\/ecodiario.eleconomista.es\/desastres-naturales\/noticias\/1439455\/07\/09\/Estabilizado-el-incendio-de-Las-Hurdes-donde-los-vecinos-han-regresado-a-sus-casas.html\" target=\"_blank\">El Economista<\/a><\/p>\n<p>Puedes <a href=\"http:\/\/www.elperiodicoextremadura.com\/servicios\/galerias\/galeria.asp?pkid=22039&amp;page_IMG=1\" target=\"_blank\">ver aqu\u00ed<\/a> m\u00e1s im\u00e1genes<\/p>\n","protected":false},"excerpt":{"rendered":"<p>Ayer por la ma\u00f1ana particip\u00e9 en una marcha cicloturista, que saliendo de la localidad de Montehermoso, recorri\u00f3 buena parte de la comarca de las Hurdes. Pasamos por Pinofranqueado, Caminomorisco y <a href=\"https:\/\/www.fenrique.com\/blog\/2009\/08\/10\/la-imagen-de-la-desolacion\/\" class=\"more-link\">[&hellip;]<\/a><\/p>\n","protected":false},"author":2,"featured_media":0,"comment_status":"open","ping_status":"open","sticky":false,"template":"","format":"standard","meta":{"_exactmetrics_skip_tracking":false,"_exactmetrics_sitenote_active":false,"_exactmetrics_sitenote_note":"","_exactmetrics_sitenote_category":0,"Layout":"","jetpack_post_was_ever_published":false,"_jetpack_newsletter_access":"","_jetpack_dont_email_post_to_subs":false,"_jetpack_newsletter_tier_id":0,"_jetpack_memberships_contains_paywalled_content":false,"_jetpack_memberships_contains_paid_content":false,"footnotes":"","jetpack_publicize_message":"","jetpack_publicize_feature_enabled":true,"jetpack_social_post_already_shared":false,"jetpack_social_options":{"image_generator_settings":{"template":"highway","default_image_id":0,"font":"","enabled":false},"version":2}},"categories":[7,31],"tags":[1615,2735,1221,1566,2734,2738,863,2736,2737],"class_list":["entry","author-fenrique","post-818","post","type-post","status-publish","format-standard","category-fenrique-piensa-que","category-haciendo-deporte","tag-1615","tag-cambroncino","tag-cicloturismo","tag-hurdes","tag-incendio","tag-incendio-forestal","tag-marcha-cicloturista","tag-pesga","tag-pinares"],"jetpack_publicize_connections":[],"jetpack_featured_media_url":"","jetpack_shortlink":"https:\/\/wp.me\/p172Ei-dc","jetpack_likes_enabled":true,"jetpack_sharing_enabled":true,"_links":{"self":[{"href":"https:\/\/www.fenrique.com\/blog\/wp-json\/wp\/v2\/posts\/818","targetHints":{"allow":["GET"]}}],"collection":[{"href":"https:\/\/www.fenrique.com\/blog\/wp-json\/wp\/v2\/posts"}],"about":[{"href":"https:\/\/www.fenrique.com\/blog\/wp-json\/wp\/v2\/types\/post"}],"author":[{"embeddable":true,"href":"https:\/\/www.fenrique.com\/blog\/wp-json\/wp\/v2\/users\/2"}],"replies":[{"embeddable":true,"href":"https:\/\/www.fenrique.com\/blog\/wp-json\/wp\/v2\/comments?post=818"}],"version-history":[{"count":1,"href":"https:\/\/www.fenrique.com\/blog\/wp-json\/wp\/v2\/posts\/818\/revisions"}],"predecessor-version":[{"id":819,"href":"https:\/\/www.fenrique.com\/blog\/wp-json\/wp\/v2\/posts\/818\/revisions\/819"}],"wp:attachment":[{"href":"https:\/\/www.fenrique.com\/blog\/wp-json\/wp\/v2\/media?parent=818"}],"wp:term":[{"taxonomy":"category","embeddable":true,"href":"https:\/\/www.fenrique.com\/blog\/wp-json\/wp\/v2\/categories?post=818"},{"taxonomy":"post_tag","embeddable":true,"href":"https:\/\/www.fenrique.com\/blog\/wp-json\/wp\/v2\/tags?post=818"}],"curies":[{"name":"wp","href":"https:\/\/api.w.org\/{rel}","templated":true}]}}