{"id":77,"date":"2007-12-20T13:59:08","date_gmt":"2007-12-20T11:59:08","guid":{"rendered":"http:\/\/www.fenrique.com\/blog\/archives\/77"},"modified":"2007-12-20T14:17:38","modified_gmt":"2007-12-20T12:17:38","slug":"77","status":"publish","type":"post","link":"https:\/\/www.fenrique.com\/blog\/2007\/12\/20\/77\/","title":{"rendered":"Reinvindicaci\u00f3n navide\u00f1a"},"content":{"rendered":"<address><strong><span style=\"font-family: 'Tahoma','sans-serif'\">En  llegando estas fechas&#8230;<\/span><\/strong><\/address>\n<h4><strong>Campa\u00f1a en apoyo a nuestros queridos Reyes Magos, Marginados y Olvidados, por culpa  de un invasor gordo y seboso, producto del consumismo compulsivo<\/strong><\/h4>\n<address> <\/address>\n<h3><span style=\"color: #000000\"><span style=\"font-family: 'Trebuchet MS','sans-serif'; color: navy\" lang=\"ES-TRAD\"><strong>Estos tres pobres  venerables venerables ancianos llevan dos mil a\u00f1os con su PYME, atendiendo \u00fanicamente al mercado espa\u00f1ol y sin intenci\u00f3n de expandirse y est\u00e1n sufriendo  una agresi\u00f3n que amenaza con destruirlos.<\/strong><\/span><\/span><\/h3>\n<h3><span style=\"color: #000000\"> <img decoding=\"async\" src=\"http:\/\/ocio.fresqui.com\/files\/images\/322534679_3e1288113d_b.jpg\" alt=\"reyes magos vs papa noel\" title=\"reyes magos vs papa noel\" style=\"width: 500px; height: 374px\" \/><\/span><\/h3>\n<h3><span style=\"color: #000000\"><span style=\"font-family: 'Trebuchet MS','sans-serif'; color: navy\" lang=\"ES-TRAD\"><strong>Reivindicamos la  figura de los Reyes Magos porque:<\/strong><\/span><\/span><\/h3>\n<h3><span style=\"color: #000000\"> <\/span><\/h3>\n<h3><span style=\"color: #000000\"><span style=\"font-family: 'Trebuchet MS','sans-serif'; color: navy\" lang=\"ES-TRAD\"><strong>1.- Son un s\u00ed\u00admbolo  de multirracialidad y nunca han tenido problemas de  inmigraci\u00f3n.<\/strong><\/span><\/span><\/h3>\n<h3><span style=\"color: #000000\"><span style=\"font-family: 'Trebuchet MS','sans-serif'; color: navy\" lang=\"ES-TRAD\"><strong>2.- Son fashion  total, su elegancia en el vestir no ha pasado de moda en dos  milenios.<\/strong><\/span><\/span><\/h3>\n<h3><span style=\"color: #000000\"><span style=\"font-family: 'Trebuchet MS','sans-serif'; color: navy\" lang=\"ES-TRAD\"><strong>3.- Si no  existieran, las vacaciones de Navidad se acabar\u00ed\u00adan el 2 de  enero.<\/strong><\/span><\/span><\/h3>\n<h3><span style=\"color: #000000\"><span style=\"font-family: 'Trebuchet MS','sans-serif'; color: navy\" lang=\"ES-TRAD\"><strong>4.- Son  ecol\u00f3gicos y evitan el cambio clim\u00e1tico. Utilizan veh\u00ed\u00adculos de tracci\u00f3n animal, que con su esti\u00e9rcol  contribuyen a fertilizar el suelo patrio. Nada de trineos volando, ni  gilipolleces inexistentes y surrealistas.<\/strong><\/span><\/span><\/h3>\n<p><!--more--><\/p>\n<h3><span style=\"color: #000000\"><span style=\"font-family: 'Trebuchet MS','sans-serif'; color: navy\" lang=\"ES-TRAD\"><strong>5.- Generan un  monton de puestos de trabajo entre pajecillos, carteros reales y multitud de  gentes que les acompa\u00f1a en la Cabalgata.<\/strong><\/span><\/span><\/h3>\n<h3><span style=\"color: #000000\"><span style=\"font-family: 'Trebuchet MS','sans-serif'; color: navy\" lang=\"ES-TRAD\"><strong>6.- De Papal  Noel\/Santa Claus puede hacer cualquier pelagatos, pero para hacer de Reyes Magos  se necesitan al menos tres&#8230; y con clase<\/strong><\/span><\/span><\/h3>\n<h3><span style=\"color: #000000\"><span style=\"font-family: 'Trebuchet MS','sans-serif'; color: navy\" lang=\"ES-TRAD\"><strong>7.- Los Reyes  Magos fomentan la industria del calzado y ense\u00f1an a los ni\u00f1os que las botas se  deben limpiar al menos una vez al a\u00f1o. Por contra el gordinflas exige que se  deje un calcet\u00ed\u00adn, prenda proclive a servir de acomodo a la mugre, cuando no de  indecorosos tomates.<\/strong><\/span><\/span><\/h3>\n<h3><span style=\"color: #000000\"><span style=\"font-family: 'Trebuchet MS','sans-serif'; color: navy\" lang=\"ES-TRAD\"><strong>8.- Los Reyes  Magos planifican concienzudamente su trabajo y se retiran discretamente cuando  acaban la funci\u00f3n.<\/strong><\/span><\/span><\/h3>\n<h3><span style=\"color: #000000\"><span style=\"font-family: 'Trebuchet MS','sans-serif'; color: navy\" lang=\"ES-TRAD\"><strong>9.- Santa Claus  vive en el Polo Norte, por eso es un amargado. Los Magos, de Oriente, cuna de la  civilizaci\u00f3n y por ellos de una elegancia sin  decadencia.<\/strong><\/span><\/span><\/h3>\n<h3><span style=\"color: #000000\"><span style=\"font-family: 'Trebuchet MS','sans-serif'; color: navy\" lang=\"ES-TRAD\"><strong>10.- Los Reyes  Magos tuvieron un papel destacado en la Navidad. Papa Noel es un trepa que trata  de aprovecharse del negocio y que no particip\u00f3 en ninguno de los acontecimientos  navide\u00f1os.<\/strong><\/span><\/span><\/h3>\n<h3><span style=\"color: #000000\"><span style=\"font-family: 'Trebuchet MS','sans-serif'; color: navy\" lang=\"ES-TRAD\"><strong>11.- Los Magos,  mantienen en pie la miner\u00ed\u00ada del carb\u00f3n en Asturias. Y no utilizan energ\u00ed\u00adas  alternativas ni bombillitas horteras para se\u00f1alizarse a su  paso.<\/strong><\/span><\/span><\/h3>\n<h3><span style=\"color: #000000\"><span style=\"font-family: 'Trebuchet MS','sans-serif'; color: navy\" lang=\"ES-TRAD\"><strong>12.- Los Reyes  Magos son sabios. Santa Claus no sabe m\u00e1s que agitar est\u00fapidamente una campanita  y se pasa la vida diciendo \u00abjo,jo,jo\u00bb Risa forzada y sin sentido, se\u00f1al  inequivoca de estupidez.<\/strong><\/span><\/span><\/h3>\n<h3><span style=\"color: #000000\"><span style=\"font-family: 'Trebuchet MS','sans-serif'; color: navy\" lang=\"ES-TRAD\"><strong>13.- El Gordo es  un zoquete que no respeta los sentimientos de los renos de nariz colorada. No  hay documentado ning\u00fan caso de maltrato psicol\u00f3gico por parte de los Magos hacia  sus camellos.<\/strong><\/span><\/span><\/h3>\n<h3><span style=\"color: #000000\"><span style=\"font-family: 'Trebuchet MS','sans-serif'; color: navy\" lang=\"ES-TRAD\"><strong>14.- Los Magos son  agradecidos, siempre se zampan las golosinas que les dejamos en el  plato.<\/strong><\/span><\/span><\/h3>\n<h3><span style=\"color: #000000\"><span style=\"font-family: 'Trebuchet MS','sans-serif'; color: navy\" lang=\"ES-TRAD\"><strong>15.- Sin los Reyes  Magos no se habr\u00ed\u00ada inventado el Rosc\u00f3n de Reyes.<\/strong><\/span><\/span><\/h3>\n<h3><span style=\"color: #000000\"> <\/span><\/h3>\n<h3><span style=\"color: #000000\"><span style=\"font-family: 'Trebuchet MS','sans-serif'; color: navy\" lang=\"ES-TRAD\"><strong>Empecemos la  campa\u00f1a en pro de nuestros quer\u00ed\u00addisimos y antiqu\u00ed\u00adsimos REYES MAGOS, que vuelvan  a aflorar las tradiciones con arraigo centenario&#8230;<\/strong><\/span><\/span><\/h3>\n<h3><span style=\"color: #000000\"> <\/span><\/h3>\n<h3><span style=\"color: #000000\"><span style=\"font-family: 'Trebuchet MS','sans-serif'; color: navy\" lang=\"ES-TRAD\"><strong>Todos los a\u00f1os,  por estas fechas, sufrimos una agresi\u00f3n globalizadora en forma de tipo  gordinfl\u00f3n. Una manipulaci\u00f3n de las mentes de los ni\u00f1os de Espa\u00f1a (y aunque lo  desconozcan, del resto del Universo)<\/strong><\/span><\/span><\/h3>\n<h3><span style=\"color: #000000\"> <\/span><\/h3>\n<h3><span style=\"color: #000000\"><span style=\"font-family: 'Trebuchet MS','sans-serif'; color: navy\" lang=\"ES-TRAD\"><strong>Ese adefesio  carente del m\u00e1s m\u00ed\u00adnimo sentido de la elegancia en el vestir, con aspecto de  disomaniaco avejentado y multireincidente en el allanamiento de morada por el  m\u00e9todo de escalada, es un invento de la multinacional m\u00e1s multinacional de todas  las multinacionales: Coca-Cola.<\/strong><\/span><\/span><\/h3>\n<h3><span style=\"color: #000000\"> <\/span><\/h3>\n<h3><span style=\"color: #000000\"><span style=\"font-family: 'Trebuchet MS','sans-serif'; color: navy\" lang=\"ES-TRAD\"><strong>En los a\u00f1os 30  cogieron a San Nicol\u00e1s de la tradici\u00f3n N\u00f3rdica, que originalmente paseaba  vestido de obispo o duende un tanto zarrapastroso y lo enfundaron en un atuendo  de colores corporativos.<\/strong><\/span><\/span><\/h3>\n<h3><span style=\"color: #000000\"> <\/span><\/h3>\n<h3><span style=\"color: #000000\"><span style=\"font-family: 'Trebuchet MS','sans-serif'; color: navy\" lang=\"ES-TRAD\"><strong>Desde entonces  generaciones de tiernos infantes de medio mundo han sido machacadas por la  publicidad, alien\u00e1ndose hasta tal punto que piensan que un mamarracho  publicitario representa todo lo bueno del ser  humano.<\/strong><\/span><\/span><\/h3>\n<h3><span style=\"color: #000000\"> <\/span><\/h3>\n<h3><span style=\"color: #000000\"><span style=\"font-family: 'Trebuchet MS','sans-serif'; color: navy\" lang=\"ES-TRAD\"><strong>\u00a1\u00a1 Basta ya,  reivindiquemos nuestras se\u00f1as de identidad !!<\/strong><\/span><\/span><\/h3>\n<p style=\"text-align: justify\">&nbsp;<\/p>\n<address><span style=\"color: #000000\"><span style=\"font-family: 'Trebuchet MS','sans-serif'; color: navy\" lang=\"ES-TRAD\"><strong>\u00a1\u00a1 Abajo Santa  Claus\/Papa Noel y Vivan los Reyes Magos !!<\/strong><\/span><\/span><\/address>\n","protected":false},"excerpt":{"rendered":"<p>En llegando estas fechas&#8230; Campa\u00f1a en apoyo a nuestros queridos Reyes Magos, Marginados y Olvidados, por culpa de un invasor gordo y seboso, producto del consumismo compulsivo Estos tres pobres <a href=\"https:\/\/www.fenrique.com\/blog\/2007\/12\/20\/77\/\" class=\"more-link\">[&hellip;]<\/a><\/p>\n","protected":false},"author":2,"featured_media":0,"comment_status":"open","ping_status":"open","sticky":false,"template":"","format":"standard","meta":{"_exactmetrics_skip_tracking":false,"_exactmetrics_sitenote_active":false,"_exactmetrics_sitenote_note":"","_exactmetrics_sitenote_category":0,"Layout":"","jetpack_post_was_ever_published":false,"_jetpack_newsletter_access":"","_jetpack_dont_email_post_to_subs":false,"_jetpack_newsletter_tier_id":0,"_jetpack_memberships_contains_paywalled_content":false,"_jetpack_memberships_contains_paid_content":false,"footnotes":"","jetpack_publicize_message":"","jetpack_publicize_feature_enabled":true,"jetpack_social_post_already_shared":false,"jetpack_social_options":{"image_generator_settings":{"template":"highway","default_image_id":0,"font":"","enabled":false},"version":2}},"categories":[7,4],"tags":[20,76,75],"class_list":["entry","author-fenrique","has-more-link","post-77","post","type-post","status-publish","format-standard","category-fenrique-piensa-que","category-los-correos-de-mi-cunao","tag-navidad","tag-papa-noel","tag-reyes-magos"],"jetpack_publicize_connections":[],"jetpack_featured_media_url":"","jetpack_shortlink":"https:\/\/wp.me\/s172Ei-77","jetpack_likes_enabled":true,"jetpack_sharing_enabled":true,"_links":{"self":[{"href":"https:\/\/www.fenrique.com\/blog\/wp-json\/wp\/v2\/posts\/77","targetHints":{"allow":["GET"]}}],"collection":[{"href":"https:\/\/www.fenrique.com\/blog\/wp-json\/wp\/v2\/posts"}],"about":[{"href":"https:\/\/www.fenrique.com\/blog\/wp-json\/wp\/v2\/types\/post"}],"author":[{"embeddable":true,"href":"https:\/\/www.fenrique.com\/blog\/wp-json\/wp\/v2\/users\/2"}],"replies":[{"embeddable":true,"href":"https:\/\/www.fenrique.com\/blog\/wp-json\/wp\/v2\/comments?post=77"}],"version-history":[{"count":0,"href":"https:\/\/www.fenrique.com\/blog\/wp-json\/wp\/v2\/posts\/77\/revisions"}],"wp:attachment":[{"href":"https:\/\/www.fenrique.com\/blog\/wp-json\/wp\/v2\/media?parent=77"}],"wp:term":[{"taxonomy":"category","embeddable":true,"href":"https:\/\/www.fenrique.com\/blog\/wp-json\/wp\/v2\/categories?post=77"},{"taxonomy":"post_tag","embeddable":true,"href":"https:\/\/www.fenrique.com\/blog\/wp-json\/wp\/v2\/tags?post=77"}],"curies":[{"name":"wp","href":"https:\/\/api.w.org\/{rel}","templated":true}]}}