{"id":760,"date":"2009-07-21T17:00:11","date_gmt":"2009-07-21T15:00:11","guid":{"rendered":"http:\/\/www.fenrique.com\/blog\/?p=760"},"modified":"2009-07-21T17:00:11","modified_gmt":"2009-07-21T15:00:11","slug":"el-cumpleanos-de-paco-que-me-lo-ha-chivao-el-facebook","status":"publish","type":"post","link":"https:\/\/www.fenrique.com\/blog\/2009\/07\/21\/el-cumpleanos-de-paco-que-me-lo-ha-chivao-el-facebook\/","title":{"rendered":"El cumplea\u00f1os de Paco (que me lo ha chivao el facebook)"},"content":{"rendered":"<p>Si el <a href=\"http:\/\/www.fenrique.com\/blog\/el-cumpleanos-de-txotxe-que-me-lo-ha-chivao-el-tuenti\/\" target=\"_blank\">otro d\u00eda<\/a> era el tuenti el chivato, hoy es el facebook el que cumple ese papel. El papel de chivar los cumplea\u00f1os de los amigos.<\/p>\n<p><img loading=\"lazy\" decoding=\"async\" class=\"alignnone\" title=\"cumple\" src=\"http:\/\/farm3.static.flickr.com\/2597\/3743074552_7565c65c66.jpg?v=0\" alt=\"\" width=\"267\" height=\"43\" \/><\/p>\n<p>Y aunque no haga falta que algunas fechas se recuerden, nunca est\u00e1 de m\u00e1s y por si acaso&#8230;<\/p>\n<p>De todas maneras, FELIZ CUMPLEA\u00d1OS TITO!, que lo pases muy bien, lo celebres, al menos, como el a\u00f1o pasado (que lo pasamos genial) y que, cuando te vea, lo celebremos (hay por ah\u00ed una mariscada pendiente, que no se me olvida).<\/p>\n<p>Y al igual que <a href=\"http:\/\/fenrique.com\/images\/wbgallery\/l\/2008_12\/122843480469506.jpeg\" target=\"_blank\">el a\u00f1o pasado<\/a>, celebr\u00e9moslo un poco con una XBOX, no? ah\u00ed tienes:<\/p>\n<p><img loading=\"lazy\" decoding=\"async\" class=\"alignnone\" title=\"xbox\" src=\"http:\/\/cache.kotaku.com\/assets\/resources\/2007\/02\/360cake.jpg\" alt=\"\" width=\"400\" height=\"319\" \/><\/p>\n<p>Si no me equivoco, el siguiente soy yo&#8230;<\/p>\n","protected":false},"excerpt":{"rendered":"<p>Si el otro d\u00eda era el tuenti el chivato, hoy es el facebook el que cumple ese papel. El papel de chivar los cumplea\u00f1os de los amigos. Y aunque no <a href=\"https:\/\/www.fenrique.com\/blog\/2009\/07\/21\/el-cumpleanos-de-paco-que-me-lo-ha-chivao-el-facebook\/\" class=\"more-link\">[&hellip;]<\/a><\/p>\n","protected":false},"author":2,"featured_media":0,"comment_status":"open","ping_status":"open","sticky":false,"template":"","format":"standard","meta":{"_exactmetrics_skip_tracking":false,"_exactmetrics_sitenote_active":false,"_exactmetrics_sitenote_note":"","_exactmetrics_sitenote_category":0,"Layout":"","jetpack_post_was_ever_published":false,"_jetpack_newsletter_access":"","_jetpack_dont_email_post_to_subs":false,"_jetpack_newsletter_tier_id":0,"_jetpack_memberships_contains_paywalled_content":false,"_jetpack_memberships_contains_paid_content":false,"footnotes":"","jetpack_publicize_message":"","jetpack_publicize_feature_enabled":true,"jetpack_social_post_already_shared":false,"jetpack_social_options":{"image_generator_settings":{"template":"highway","default_image_id":0,"font":"","enabled":false},"version":2}},"categories":[5],"tags":[2701,93,193,82,2700],"class_list":["entry","author-fenrique","post-760","post","type-post","status-publish","format-standard","category-personal-y-transferible","tag-33-anos","tag-cumpleanos","tag-facebook","tag-paco","tag-tito"],"jetpack_publicize_connections":[],"jetpack_featured_media_url":"","jetpack_shortlink":"https:\/\/wp.me\/p172Ei-cg","jetpack_likes_enabled":true,"jetpack_sharing_enabled":true,"_links":{"self":[{"href":"https:\/\/www.fenrique.com\/blog\/wp-json\/wp\/v2\/posts\/760","targetHints":{"allow":["GET"]}}],"collection":[{"href":"https:\/\/www.fenrique.com\/blog\/wp-json\/wp\/v2\/posts"}],"about":[{"href":"https:\/\/www.fenrique.com\/blog\/wp-json\/wp\/v2\/types\/post"}],"author":[{"embeddable":true,"href":"https:\/\/www.fenrique.com\/blog\/wp-json\/wp\/v2\/users\/2"}],"replies":[{"embeddable":true,"href":"https:\/\/www.fenrique.com\/blog\/wp-json\/wp\/v2\/comments?post=760"}],"version-history":[{"count":1,"href":"https:\/\/www.fenrique.com\/blog\/wp-json\/wp\/v2\/posts\/760\/revisions"}],"predecessor-version":[{"id":761,"href":"https:\/\/www.fenrique.com\/blog\/wp-json\/wp\/v2\/posts\/760\/revisions\/761"}],"wp:attachment":[{"href":"https:\/\/www.fenrique.com\/blog\/wp-json\/wp\/v2\/media?parent=760"}],"wp:term":[{"taxonomy":"category","embeddable":true,"href":"https:\/\/www.fenrique.com\/blog\/wp-json\/wp\/v2\/categories?post=760"},{"taxonomy":"post_tag","embeddable":true,"href":"https:\/\/www.fenrique.com\/blog\/wp-json\/wp\/v2\/tags?post=760"}],"curies":[{"name":"wp","href":"https:\/\/api.w.org\/{rel}","templated":true}]}}