{"id":746,"date":"2009-07-16T07:02:04","date_gmt":"2009-07-16T05:02:04","guid":{"rendered":"http:\/\/www.fenrique.com\/blog\/?p=746"},"modified":"2009-07-15T20:14:30","modified_gmt":"2009-07-15T18:14:30","slug":"el-otro-tour","status":"publish","type":"post","link":"https:\/\/www.fenrique.com\/blog\/2009\/07\/16\/el-otro-tour\/","title":{"rendered":"El otro Tour"},"content":{"rendered":"<p>No hace falta que os diga que estos d\u00edas se est\u00e1 disputando el Tour de Francia. Alguna gente me pregunta, sobre todo Rayo, sobre c\u00f3mo veo la carrera, si Contador va a ganar (yo espero que no, que no gane nadie de Astana), o si es una carrera, este a\u00f1o muy aburrida y tal&#8230;<\/p>\n<p>Hoy, echando un vistazo al, para m\u00ed, muy pol\u00e9mico blog Ciclismo2005, veo en<a href=\"http:\/\/ciclismo2005.blogspot.com\/2009\/07\/huelga-porque-si.html#comments\" target=\"_blank\"> los comentarios<\/a>, un enlace a un v\u00eddeo de youtube subido a la <a href=\"http:\/\/www.letour.fr\/2009\/TDF\/LIVE\/fr\/1200\/videos.html?target=138114\" target=\"_blank\">web oficial del Tour de Francia<\/a>, que me ha gustado mucho, no porque muestre a los mejores, a los ataques, a los l\u00edderes, sino porque muestra algo que puede ser tan importante como la lucha por no llegar fuera de control en una etapa.<\/p>\n<p>Ese mismo argumento es el ofrece parte de la pel\u00edcula \u00ab<a href=\"http:\/\/www.labutaca.net\/49sansebastian\/labici1.htm\" target=\"_blank\">La bicicleta de Ghislain Lambert<\/a>\u00ab, pero en esta ocasi\u00f3n dejamos a un lado la ficci\u00f3n para ver la realidad de unos sprinters en una etapa de monta\u00f1a, la 8\u00aa,\u00a0 que gan\u00f3 Luis Le\u00f3n S\u00e1nchez y donde Koldo Fern\u00e1ndez de Larrea (del Euskatel Euskadi) lleg\u00f3 fuera de control (se ve c\u00f3mo el chofer le ofrece agua)<\/p>\n<p>Est\u00e1 en ingl\u00e9s, pero se entiende muy bien:<\/p>\n<object type=\"application\/x-shockwave-flash\" data=\"http:\/\/www.youtube.com\/v\/rTPKaeFbcA8\" width=\"450\" height=\"370\"><param name=\"movie\" value=\"http:\/\/www.youtube.com\/v\/rTPKaeFbcA8\" \/><param name=\"autostart\" value=\"true\" \/><param name=\"wmode\" value=\"transparent\" \/><\/object><br \/>\n<!-- generated by WordPress plugin Embedded Video -->\n\n<p>They made it!!<\/p>\n","protected":false},"excerpt":{"rendered":"<p>No hace falta que os diga que estos d\u00edas se est\u00e1 disputando el Tour de Francia. Alguna gente me pregunta, sobre todo Rayo, sobre c\u00f3mo veo la carrera, si Contador <a href=\"https:\/\/www.fenrique.com\/blog\/2009\/07\/16\/el-otro-tour\/\" class=\"more-link\">[&hellip;]<\/a><\/p>\n","protected":false},"author":2,"featured_media":0,"comment_status":"open","ping_status":"open","sticky":false,"template":"","format":"standard","meta":{"_exactmetrics_skip_tracking":false,"_exactmetrics_sitenote_active":false,"_exactmetrics_sitenote_note":"","_exactmetrics_sitenote_category":0,"Layout":"","jetpack_post_was_ever_published":false,"_jetpack_newsletter_access":"","_jetpack_dont_email_post_to_subs":false,"_jetpack_newsletter_tier_id":0,"_jetpack_memberships_contains_paywalled_content":false,"_jetpack_memberships_contains_paid_content":false,"footnotes":"","jetpack_publicize_message":"","jetpack_publicize_feature_enabled":true,"jetpack_social_post_already_shared":false,"jetpack_social_options":{"image_generator_settings":{"template":"highway","default_image_id":0,"font":"","enabled":false},"version":2}},"categories":[7,31],"tags":[182,2689,1387],"class_list":["entry","author-fenrique","post-746","post","type-post","status-publish","format-standard","category-fenrique-piensa-que","category-haciendo-deporte","tag-ciclismo","tag-fuera-de-control","tag-tour-de-francia"],"jetpack_publicize_connections":[],"jetpack_featured_media_url":"","jetpack_shortlink":"https:\/\/wp.me\/p172Ei-c2","jetpack_likes_enabled":true,"jetpack_sharing_enabled":true,"_links":{"self":[{"href":"https:\/\/www.fenrique.com\/blog\/wp-json\/wp\/v2\/posts\/746","targetHints":{"allow":["GET"]}}],"collection":[{"href":"https:\/\/www.fenrique.com\/blog\/wp-json\/wp\/v2\/posts"}],"about":[{"href":"https:\/\/www.fenrique.com\/blog\/wp-json\/wp\/v2\/types\/post"}],"author":[{"embeddable":true,"href":"https:\/\/www.fenrique.com\/blog\/wp-json\/wp\/v2\/users\/2"}],"replies":[{"embeddable":true,"href":"https:\/\/www.fenrique.com\/blog\/wp-json\/wp\/v2\/comments?post=746"}],"version-history":[{"count":2,"href":"https:\/\/www.fenrique.com\/blog\/wp-json\/wp\/v2\/posts\/746\/revisions"}],"predecessor-version":[{"id":748,"href":"https:\/\/www.fenrique.com\/blog\/wp-json\/wp\/v2\/posts\/746\/revisions\/748"}],"wp:attachment":[{"href":"https:\/\/www.fenrique.com\/blog\/wp-json\/wp\/v2\/media?parent=746"}],"wp:term":[{"taxonomy":"category","embeddable":true,"href":"https:\/\/www.fenrique.com\/blog\/wp-json\/wp\/v2\/categories?post=746"},{"taxonomy":"post_tag","embeddable":true,"href":"https:\/\/www.fenrique.com\/blog\/wp-json\/wp\/v2\/tags?post=746"}],"curies":[{"name":"wp","href":"https:\/\/api.w.org\/{rel}","templated":true}]}}