{"id":731,"date":"2009-07-04T07:17:15","date_gmt":"2009-07-04T05:17:15","guid":{"rendered":"http:\/\/www.fenrique.com\/blog\/la-cancion-del-finde-66\/"},"modified":"2009-07-04T07:17:15","modified_gmt":"2009-07-04T05:17:15","slug":"la-cancion-del-finde-66","status":"publish","type":"post","link":"https:\/\/www.fenrique.com\/blog\/2009\/07\/04\/la-cancion-del-finde-66\/","title":{"rendered":"La canci\u00f3n del finde (66)"},"content":{"rendered":"<p>La canci\u00f3n de esta semana es <strong>El Universo Sobre M\u00ed<\/strong>, de<strong> Amaral<\/strong>:<\/p>\n<object type=\"application\/x-shockwave-flash\" data=\"http:\/\/www.youtube.com\/v\/bvLQRqzAXuY\" width=\"450\" height=\"370\"><param name=\"movie\" value=\"http:\/\/www.youtube.com\/v\/bvLQRqzAXuY\" \/><param name=\"autostart\" value=\"true\" \/><param name=\"wmode\" value=\"transparent\" \/><\/object><br \/>\n<!-- generated by WordPress plugin Embedded Video -->\n\n<p>La letra:<\/p>\n<p>S\u00f3lo queda una vela encendida en medio de la tarta<br \/>\ny se quiere consumir<br \/>\nYa se van los invitados,<br \/>\nt\u00fa y yo nos miramos sin saber bien qu\u00e9 decir<br \/>\nNada que descubra lo que siento,<br \/>\nque este d\u00eda fue perfecto y parezco tan feliz<br \/>\nNada como que hace mucho tiempo que me cuesta sonre\u00edr<\/p>\n<p>Quiero vivir, quiero gritar,<br \/>\nquiero sentir el universo sobre m\u00ed<br \/>\nQuiero correr en libertad,<br \/>\nquiero encontrar mi sitio<\/p>\n<p>Una broma del destino,<br \/>\nuna melod\u00eda acelerada en una canci\u00f3n que nunca acaba<br \/>\nYa he tenido suficiente,<br \/>\nnecesito alguien que comprenda<br \/>\nque estoy sola en medio de un mont\u00f3n de gente<br \/>\nQu\u00e9 puedo hacer<\/p>\n<p>Quiero vivir, quiero gritar,<br \/>\nquiero sentir el universo sobre m\u00ed<br \/>\nQuiero correr en libertad,<br \/>\nquiero llorar de felicidad<br \/>\nQuiero vivir, quiero sentir el universo sobre m\u00ed<br \/>\nComo un naufrago en el mar, quiero encontrar mi sitio<br \/>\nS\u00f3lo encontrar mi sitio<\/p>\n<p>Todos los juguetes rotos<br \/>\ntodos los amantes locos,<br \/>\ntodos los zapatos de charol<br \/>\nTodas las casitas de mu\u00f1ecas donde celebraba fiestas,<br \/>\ndonde solo estaba yo<br \/>\nVuelve el esp\u00edritu olvidado del verano del amor<\/p>\n<p>Quiero vivir, quiero gritar,<br \/>\nquiero sentir el universo sobre m\u00ed<br \/>\nQuiero correr en libertad,<br \/>\nquiero llorar de felicidad<br \/>\nQuiero vivir, quiero sentir el universo sobre m\u00ed<br \/>\nComo un naufrago en el mar,<br \/>\nquiero encontrar mi sitio<br \/>\nS\u00f3lo encontrar mi sitio<\/p>\n<p>Quiero vivir, quiero gritar,<br \/>\nquiero sentir el universo sobre m\u00ed<br \/>\nQuiero correr en libertad,<br \/>\nquiero llorar de felicidad<br \/>\nQuiero vivir,<br \/>\nquiero sentir el universo sobre m\u00ed<br \/>\nComo un naufrago en el mar,<br \/>\nquiero encontrar mi sitio<\/p>\n<p>Solo queda una vela encendida en medio de la tarta<br \/>\nY se quiere consumir<\/p>\n<p>Fuente: musica.com<\/p>\n","protected":false},"excerpt":{"rendered":"<p>La canci\u00f3n de esta semana es El Universo Sobre M\u00ed, de Amaral: La letra: S\u00f3lo queda una vela encendida en medio de la tarta y se quiere consumir Ya se <a href=\"https:\/\/www.fenrique.com\/blog\/2009\/07\/04\/la-cancion-del-finde-66\/\" class=\"more-link\">[&hellip;]<\/a><\/p>\n","protected":false},"author":2,"featured_media":0,"comment_status":"open","ping_status":"open","sticky":false,"template":"","format":"standard","meta":{"_exactmetrics_skip_tracking":false,"_exactmetrics_sitenote_active":false,"_exactmetrics_sitenote_note":"","_exactmetrics_sitenote_category":0,"Layout":"","jetpack_post_was_ever_published":false,"_jetpack_newsletter_access":"","_jetpack_dont_email_post_to_subs":false,"_jetpack_newsletter_tier_id":0,"_jetpack_memberships_contains_paywalled_content":false,"_jetpack_memberships_contains_paid_content":false,"footnotes":"","jetpack_publicize_message":"","jetpack_publicize_feature_enabled":true,"jetpack_social_post_already_shared":false,"jetpack_social_options":{"image_generator_settings":{"template":"highway","default_image_id":0,"font":"","enabled":false},"version":2}},"categories":[12,6],"tags":[2678,2679,4741],"class_list":["entry","author-fenrique","post-731","post","type-post","status-publish","format-standard","category-la-cancion-del-finde","category-yo-y-mi-ego","tag-amaral","tag-el-universo-sobre-mi","tag-la-cancion-del-finde"],"jetpack_publicize_connections":[],"jetpack_featured_media_url":"","jetpack_shortlink":"https:\/\/wp.me\/p172Ei-bN","jetpack_likes_enabled":true,"jetpack_sharing_enabled":true,"_links":{"self":[{"href":"https:\/\/www.fenrique.com\/blog\/wp-json\/wp\/v2\/posts\/731","targetHints":{"allow":["GET"]}}],"collection":[{"href":"https:\/\/www.fenrique.com\/blog\/wp-json\/wp\/v2\/posts"}],"about":[{"href":"https:\/\/www.fenrique.com\/blog\/wp-json\/wp\/v2\/types\/post"}],"author":[{"embeddable":true,"href":"https:\/\/www.fenrique.com\/blog\/wp-json\/wp\/v2\/users\/2"}],"replies":[{"embeddable":true,"href":"https:\/\/www.fenrique.com\/blog\/wp-json\/wp\/v2\/comments?post=731"}],"version-history":[{"count":0,"href":"https:\/\/www.fenrique.com\/blog\/wp-json\/wp\/v2\/posts\/731\/revisions"}],"wp:attachment":[{"href":"https:\/\/www.fenrique.com\/blog\/wp-json\/wp\/v2\/media?parent=731"}],"wp:term":[{"taxonomy":"category","embeddable":true,"href":"https:\/\/www.fenrique.com\/blog\/wp-json\/wp\/v2\/categories?post=731"},{"taxonomy":"post_tag","embeddable":true,"href":"https:\/\/www.fenrique.com\/blog\/wp-json\/wp\/v2\/tags?post=731"}],"curies":[{"name":"wp","href":"https:\/\/api.w.org\/{rel}","templated":true}]}}