{"id":706,"date":"2009-06-07T23:05:38","date_gmt":"2009-06-07T21:05:38","guid":{"rendered":"http:\/\/www.fenrique.com\/blog\/resultado-de-las-elecciones-europeas-en-ribera-del-fresno\/"},"modified":"2009-06-07T23:10:28","modified_gmt":"2009-06-07T21:10:28","slug":"resultado-de-las-elecciones-europeas-en-ribera-del-fresno","status":"publish","type":"post","link":"https:\/\/www.fenrique.com\/blog\/2009\/06\/07\/resultado-de-las-elecciones-europeas-en-ribera-del-fresno\/","title":{"rendered":"Resultado de las Elecciones Europeas en Ribera del Fresno"},"content":{"rendered":"<p>Hoy domingo se han celebrado Elecciones Europeas (por si a\u00fan no te hab\u00edas enterado) y a estas horas ya se conocen los resultados totales, incluso por municipios. Y estos son los resultados en mi pueblo, Ribera del Fresno:<\/p>\n<table border=\"0\" cellpadding=\"0\" cellspacing=\"0\">\n<tr>\n<th scope=\"col\">Escrutado: 100,00%<\/th>\n<th align=\"center\">Votos<\/th>\n<th colspan=\"4\" align=\"center\">% Votos<\/th>\n<\/tr>\n<tr>\n<th scope=\"row\">PSOE<\/th>\n<td align=\"center\">762<\/td>\n<td colspan=\"4\" align=\"center\">51,84%<\/td>\n<\/tr>\n<tr>\n<th scope=\"row\">PP<\/th>\n<td align=\"center\">541<\/td>\n<td colspan=\"4\" align=\"center\">36,80%<\/td>\n<\/tr>\n<tr>\n<th scope=\"row\">U-ICV-EUiA-BA<\/th>\n<td align=\"center\">96<\/td>\n<td colspan=\"4\" align=\"center\">6,53%<\/td>\n<\/tr>\n<tr>\n<th scope=\"row\">UPyD<\/th>\n<td align=\"center\">29<\/td>\n<td colspan=\"4\" align=\"center\">1,97%<\/td>\n<\/tr>\n<\/table>\n<p>Ha habido otros partidos que han recibido votos, pero no son representativos. Con respecto a las Europeas de 2004, el PSOE ha perdido casi 100 votos y el PP ha ganado casi 50, y por \u00faltimo, IU ha ganado apenas 7 voto. La participaci\u00f3n ha sido de 1487 votantes, siendo un 54,27%<\/p>\n<p>Mi opini\u00f3n est\u00e1 clara, a pesar de que en Ribera la mayor\u00eda es socialista, el porcentaje est\u00e1 bajando, aunque siguen ganando en cualquiera de las elecciones, excepto en las municipales, lo que debe hacer reflexionar al PSOE de Ribera, que ve, elecci\u00f3n tras elecci\u00f3n c\u00f3mo pierden en casa y ganan fuera. Ser\u00e1n ideas, ser\u00e1n propuestas&#8230; o ser\u00e1n las personas?<\/p>\n<p>Por \u00faltimo, tambi\u00e9n destacar el buen resultado del PP y el leve aumento del IU.<\/p>\n<p>Puedes ver el resultado total <a href=\"http:\/\/actualidad.hoy.es\/elecciones-europeas-2009\/resultados\/extremadura-badajoz-ribera-del-fresno.html\" target=\"_blank\"><u>aqu\u00ed<\/u><\/a> (y de paso ver cualquier otro municipio)<\/p>\n","protected":false},"excerpt":{"rendered":"<p>Hoy domingo se han celebrado Elecciones Europeas (por si a\u00fan no te hab\u00edas enterado) y a estas horas ya se conocen los resultados totales, incluso por municipios. Y estos son <a href=\"https:\/\/www.fenrique.com\/blog\/2009\/06\/07\/resultado-de-las-elecciones-europeas-en-ribera-del-fresno\/\" class=\"more-link\">[&hellip;]<\/a><\/p>\n","protected":false},"author":2,"featured_media":0,"comment_status":"open","ping_status":"open","sticky":false,"template":"","format":"standard","meta":{"_exactmetrics_skip_tracking":false,"_exactmetrics_sitenote_active":false,"_exactmetrics_sitenote_note":"","_exactmetrics_sitenote_category":0,"Layout":"","jetpack_post_was_ever_published":false,"_jetpack_newsletter_access":"","_jetpack_dont_email_post_to_subs":false,"_jetpack_newsletter_tier_id":0,"_jetpack_memberships_contains_paywalled_content":false,"_jetpack_memberships_contains_paid_content":false,"footnotes":"","jetpack_publicize_message":"","jetpack_publicize_feature_enabled":true,"jetpack_social_post_already_shared":false,"jetpack_social_options":{"image_generator_settings":{"template":"highway","default_image_id":0,"font":"","enabled":false},"version":2}},"categories":[7,79],"tags":[1615,372,2583,651,4743],"class_list":["entry","author-fenrique","post-706","post","type-post","status-publish","format-standard","category-fenrique-piensa-que","category-ribera-del-fresno","tag-1615","tag-elecciones","tag-europeas","tag-resultados","tag-ribera-del-fresno"],"jetpack_publicize_connections":[],"jetpack_featured_media_url":"","jetpack_shortlink":"https:\/\/wp.me\/p172Ei-bo","jetpack_likes_enabled":true,"jetpack_sharing_enabled":true,"_links":{"self":[{"href":"https:\/\/www.fenrique.com\/blog\/wp-json\/wp\/v2\/posts\/706","targetHints":{"allow":["GET"]}}],"collection":[{"href":"https:\/\/www.fenrique.com\/blog\/wp-json\/wp\/v2\/posts"}],"about":[{"href":"https:\/\/www.fenrique.com\/blog\/wp-json\/wp\/v2\/types\/post"}],"author":[{"embeddable":true,"href":"https:\/\/www.fenrique.com\/blog\/wp-json\/wp\/v2\/users\/2"}],"replies":[{"embeddable":true,"href":"https:\/\/www.fenrique.com\/blog\/wp-json\/wp\/v2\/comments?post=706"}],"version-history":[{"count":0,"href":"https:\/\/www.fenrique.com\/blog\/wp-json\/wp\/v2\/posts\/706\/revisions"}],"wp:attachment":[{"href":"https:\/\/www.fenrique.com\/blog\/wp-json\/wp\/v2\/media?parent=706"}],"wp:term":[{"taxonomy":"category","embeddable":true,"href":"https:\/\/www.fenrique.com\/blog\/wp-json\/wp\/v2\/categories?post=706"},{"taxonomy":"post_tag","embeddable":true,"href":"https:\/\/www.fenrique.com\/blog\/wp-json\/wp\/v2\/tags?post=706"}],"curies":[{"name":"wp","href":"https:\/\/api.w.org\/{rel}","templated":true}]}}