{"id":682,"date":"2009-05-11T08:31:47","date_gmt":"2009-05-11T06:31:47","guid":{"rendered":"http:\/\/www.fenrique.com\/blog\/las-cosas-en-su-sitio\/"},"modified":"2009-05-10T22:04:30","modified_gmt":"2009-05-10T20:04:30","slug":"las-cosas-en-su-sitio","status":"publish","type":"post","link":"https:\/\/www.fenrique.com\/blog\/2009\/05\/11\/las-cosas-en-su-sitio\/","title":{"rendered":"Las cosas en su sitio"},"content":{"rendered":"<p align=\"justify\">Ayer por la noche, en la portada de la web de la Cadena SER, en el apartado de deportes (el m\u00e1s extenso) se pod\u00eda ver esto:<\/p>\n<p align=\"justify\"><img loading=\"lazy\" decoding=\"async\" src=\"http:\/\/farm4.static.flickr.com\/3562\/3519702482_b1bc504eb0.jpg?v=0\" alt=\"petacchi gasquet\" style=\"width: 274px; height: 111px\" width=\"274\" height=\"111\" \/><\/p>\n<p align=\"justify\">Cualquier que pudiera ver esto y que no sepa mucho de ciclismo, al ver las dos noticias juntas, podr\u00eda pensar: \u00abGasquet, otro positivo en el ciclismo\u00bb o \u00abEste deporte est\u00e1 podrido\u00bb. El problema es que Richard Gasquet no es ciclista, sino TENISTA.<\/p>\n<p align=\"justify\">No voy a ponerme ahora a reflexionar sobre si el ciclismo est\u00e1 lleno de tramposos (dopados), yo mismo bromeo alguna vez con esto, pero lo que si voy a decir que con cosas como esta, poner una noticia de positivo por DROGAS dentro o relacionada con una noticia de ciclismo, sin tener nada que ver me parece que es hacer un muy flaco favor a este deporte, que ya de por s\u00ed, creo que est\u00e1 bastante moribundo en este momento, y que todos debemos intentar ayudar, desde el ciclismo de base, el ciclismo aficionado y los espectadores en las cunetas o en las audiencias en la tv, y por supuesto, por los propios ciclistas profesionales, que son los que nos hacen disfrutar y, desgraciadamente, los que nos defraudan cuando surgen los nuevos casos.<\/p>\n<p align=\"justify\">Lo peor de todo es que en la misma columna de deportes s\u00ed que hab\u00eda noticias de tenis, bastantes m\u00e1s que de ciclismo, incluso una de \u00abOtras noticias\u00bb, por si no lo quer\u00edan poner como resultado deportivo; as\u00ed que considero un error (intencionado?) el poner esta noticia en ese lugar:<\/p>\n<p align=\"justify\"><img loading=\"lazy\" decoding=\"async\" src=\"http:\/\/farm4.static.flickr.com\/3549\/3518940573_d30eef2206.jpg?v=0\" alt=\"ser gasquet\" style=\"width: 279px; height: 339px\" width=\"279\" height=\"339\" \/><\/p>\n<p align=\"justify\">Y por cierto, esta semana s\u00ed que se ha sabido el<a href=\"http:\/\/www.esciclismo.com\/ampliada.asp?Id=10756\" target=\"_blank\"> positivo por coca\u00edna<\/a> de un ciclista, pero no se llama Gasquet, sino<a href=\"http:\/\/www.esciclismo.com\/ampliada.asp?Id=10757\" target=\"_blank\"> Tom Boonen <\/a><\/p>\n","protected":false},"excerpt":{"rendered":"<p>Ayer por la noche, en la portada de la web de la Cadena SER, en el apartado de deportes (el m\u00e1s extenso) se pod\u00eda ver esto: Cualquier que pudiera ver <a href=\"https:\/\/www.fenrique.com\/blog\/2009\/05\/11\/las-cosas-en-su-sitio\/\" class=\"more-link\">[&hellip;]<\/a><\/p>\n","protected":false},"author":2,"featured_media":0,"comment_status":"open","ping_status":"open","sticky":false,"template":"","format":"standard","meta":{"_exactmetrics_skip_tracking":false,"_exactmetrics_sitenote_active":false,"_exactmetrics_sitenote_note":"","_exactmetrics_sitenote_category":0,"Layout":"","jetpack_post_was_ever_published":false,"_jetpack_newsletter_access":"","_jetpack_dont_email_post_to_subs":false,"_jetpack_newsletter_tier_id":0,"_jetpack_memberships_contains_paywalled_content":false,"_jetpack_memberships_contains_paid_content":false,"footnotes":"","jetpack_publicize_message":"","jetpack_publicize_feature_enabled":true,"jetpack_social_post_already_shared":false,"jetpack_social_options":{"image_generator_settings":{"template":"highway","default_image_id":0,"font":"","enabled":false},"version":2}},"categories":[7],"tags":[2511,2513,768,2510,2512],"class_list":["entry","author-fenrique","post-682","post","type-post","status-publish","format-standard","category-fenrique-piensa-que","tag-colocacion","tag-dopaje","tag-error","tag-noticias","tag-positivo"],"jetpack_publicize_connections":[],"jetpack_featured_media_url":"","jetpack_shortlink":"https:\/\/wp.me\/p172Ei-b0","jetpack_likes_enabled":true,"jetpack_sharing_enabled":true,"_links":{"self":[{"href":"https:\/\/www.fenrique.com\/blog\/wp-json\/wp\/v2\/posts\/682","targetHints":{"allow":["GET"]}}],"collection":[{"href":"https:\/\/www.fenrique.com\/blog\/wp-json\/wp\/v2\/posts"}],"about":[{"href":"https:\/\/www.fenrique.com\/blog\/wp-json\/wp\/v2\/types\/post"}],"author":[{"embeddable":true,"href":"https:\/\/www.fenrique.com\/blog\/wp-json\/wp\/v2\/users\/2"}],"replies":[{"embeddable":true,"href":"https:\/\/www.fenrique.com\/blog\/wp-json\/wp\/v2\/comments?post=682"}],"version-history":[{"count":0,"href":"https:\/\/www.fenrique.com\/blog\/wp-json\/wp\/v2\/posts\/682\/revisions"}],"wp:attachment":[{"href":"https:\/\/www.fenrique.com\/blog\/wp-json\/wp\/v2\/media?parent=682"}],"wp:term":[{"taxonomy":"category","embeddable":true,"href":"https:\/\/www.fenrique.com\/blog\/wp-json\/wp\/v2\/categories?post=682"},{"taxonomy":"post_tag","embeddable":true,"href":"https:\/\/www.fenrique.com\/blog\/wp-json\/wp\/v2\/tags?post=682"}],"curies":[{"name":"wp","href":"https:\/\/api.w.org\/{rel}","templated":true}]}}