{"id":679,"date":"2009-05-04T08:31:43","date_gmt":"2009-05-04T06:31:43","guid":{"rendered":"http:\/\/www.fenrique.com\/blog\/horarios-del-womad-de-caceres-2009\/"},"modified":"2009-05-03T23:45:30","modified_gmt":"2009-05-03T21:45:30","slug":"horarios-del-womad-de-caceres-2009","status":"publish","type":"post","link":"https:\/\/www.fenrique.com\/blog\/2009\/05\/04\/horarios-del-womad-de-caceres-2009\/","title":{"rendered":"Horarios del Womad de C\u00e1ceres 2009"},"content":{"rendered":"<p>Bueno, como promet\u00ed, os pongo el horario completo del festival del Womad C\u00e1ceres de este a\u00f1o, con los d\u00edas, horas y lugares de celebraci\u00f3n de los eventos &#8211; conciertos:<\/p>\n<table align=\"center\" border=\"0\" cellpadding=\"0\" cellspacing=\"6\" width=\"90%\">\n<tr>\n<td><strong>Jueves 7 de Mayo.<\/strong><\/td>\n<\/tr>\n<tr>\n<td align=\"right\" bgcolor=\"#ef5677\" width=\"50%\">Plaza Mayor<\/td>\n<\/tr>\n<tr>\n<td align=\"center\" bgcolor=\"#ffccff\">\n<table border=\"0\" cellpadding=\"0\" cellspacing=\"1\" width=\"100%\">\n<tr>\n<td bgcolor=\"#ffffff\" width=\"18%\">21:30hs<\/td>\n<td bgcolor=\"#ffffff\" width=\"82%\">Manantial Folk (Artista local).<\/td>\n<\/tr>\n<tr>\n<td bgcolor=\"#ffffff\">23:15hs<\/td>\n<td bgcolor=\"#ffffff\">Amadou &amp; Mariam.<\/td>\n<\/tr>\n<\/table>\n<\/td>\n<\/tr>\n<tr>\n<td align=\"right\" bgcolor=\"#ef5677\">Centro Exposiciones San Jorge<\/td>\n<\/tr>\n<tr>\n<td align=\"center\" bgcolor=\"#ffccff\">\n<table border=\"0\" cellpadding=\"0\" cellspacing=\"1\" width=\"100%\">\n<tr>\n<td bgcolor=\"#ffffff\" width=\"18%\">11:00hs<\/td>\n<td bgcolor=\"#ffffff\" width=\"82%\">Talleres infantiles Art Angels y Taking Shape.<\/td>\n<\/tr>\n<tr>\n<td bgcolor=\"#ffffff\">17:00hs<\/td>\n<td bgcolor=\"#ffffff\">Talleres infantiles Art Angels y Taking Shape.<\/td>\n<\/tr>\n<\/table>\n<\/td>\n<\/tr>\n<tr>\n<td align=\"right\" bgcolor=\"#ef5677\">Filmoteca de Extremadura<\/td>\n<\/tr>\n<tr>\n<td align=\"center\" bgcolor=\"#ffccff\">\n<table border=\"0\" cellpadding=\"0\" cellspacing=\"1\" width=\"100%\">\n<tr>\n<td bgcolor=\"#ffffff\" valign=\"top\" width=\"18%\">20:00hs<\/td>\n<td bgcolor=\"#ffffff\" width=\"82%\">Ciclo de Cine WOMAD (Casa \u00c1frica). \u00abSur Les Traces Du Bembeya Jazz\u00bb \/ \u00abSobre el Rastro de Bembeya Jazz\u00bb.<\/td>\n<\/tr>\n<\/table>\n<\/td>\n<\/tr>\n<\/table>\n<table align=\"center\" border=\"0\" cellpadding=\"0\" cellspacing=\"6\" width=\"90%\">\n<tr>\n<td><strong>Viernes 8 de Mayo.<\/strong><\/td>\n<\/tr>\n<tr>\n<td align=\"right\" bgcolor=\"#ef5677\" width=\"50%\">Plaza Mayor<\/td>\n<\/tr>\n<tr>\n<td align=\"center\" bgcolor=\"#ffccff\">\n<table border=\"0\" cellpadding=\"0\" cellspacing=\"1\" width=\"100%\">\n<tr>\n<td bgcolor=\"#ffffff\" width=\"18%\">19:00hs<\/td>\n<td bgcolor=\"#ffffff\" width=\"82%\">Alambique\u00f1a del Oeste (Artista local).<\/td>\n<\/tr>\n<tr>\n<td bgcolor=\"#ffffff\">21:00hs<\/td>\n<td bgcolor=\"#ffffff\">La Shica.<\/td>\n<\/tr>\n<tr>\n<td bgcolor=\"#ffffff\">23:00hs<\/td>\n<td bgcolor=\"#ffffff\">Salif Keita.<\/td>\n<\/tr>\n<tr>\n<td bgcolor=\"#ffffff\">1:00hs<\/td>\n<td bgcolor=\"#ffffff\">Aterciopelados.<\/td>\n<\/tr>\n<\/table>\n<\/td>\n<\/tr>\n<tr>\n<td align=\"right\" bgcolor=\"#ef5677\">Plaza San Jorge<\/td>\n<\/tr>\n<tr>\n<td align=\"center\" bgcolor=\"#ffccff\">\n<table border=\"0\" cellpadding=\"0\" cellspacing=\"1\" width=\"100%\">\n<tr>\n<td bgcolor=\"#ffffff\" width=\"18%\">17:00hs<\/td>\n<td bgcolor=\"#ffffff\" width=\"82%\">Taller Voces de Mujeres con Mor Karbasi\/Rachel\/Hindi.<\/td>\n<\/tr>\n<tr>\n<td bgcolor=\"#ffffff\">19:00hs<\/td>\n<td bgcolor=\"#ffffff\">Hindi Zahra.<\/td>\n<\/tr>\n<tr>\n<td bgcolor=\"#ffffff\">20:15hs<\/td>\n<td bgcolor=\"#ffffff\">Seckou Keita Quintet.<\/td>\n<\/tr>\n<tr>\n<td bgcolor=\"#ffffff\">22:00hs<\/td>\n<td bgcolor=\"#ffffff\">Rachel Unthank &amp; the Winterset.<\/td>\n<\/tr>\n<tr>\n<td bgcolor=\"#ffffff\">00:00hs<\/td>\n<td bgcolor=\"#ffffff\">Bibi Tanga.<\/td>\n<\/tr>\n<\/table>\n<\/td>\n<\/tr>\n<tr>\n<td align=\"right\" bgcolor=\"#ef5677\">Las Veletas<\/td>\n<\/tr>\n<tr>\n<td align=\"center\" bgcolor=\"#ffccff\">\n<table border=\"0\" cellpadding=\"0\" cellspacing=\"1\" width=\"100%\">\n<tr>\n<td bgcolor=\"#ffffff\" width=\"18%\">12:30hs<\/td>\n<td bgcolor=\"#ffffff\" width=\"82%\">Saborea el Mundo con Diak Haso.<\/td>\n<\/tr>\n<tr>\n<td bgcolor=\"#ffffff\">16:30hs<\/td>\n<td bgcolor=\"#ffffff\">Taller con Seckou Keita.<\/td>\n<\/tr>\n<tr>\n<td bgcolor=\"#ffffff\">18:00hs<\/td>\n<td bgcolor=\"#ffffff\">Taller con Bibi Tanga.<\/td>\n<\/tr>\n<tr>\n<td bgcolor=\"#ffffff\">19:30hs<\/td>\n<td bgcolor=\"#ffffff\">Taller con Mor Karbasi.<\/td>\n<\/tr>\n<tr>\n<td bgcolor=\"#ffffff\">21:15hs<\/td>\n<td bgcolor=\"#ffffff\">Inlavables (Artista local).<\/td>\n<\/tr>\n<tr>\n<td bgcolor=\"#ffffff\">23:00hs<\/td>\n<td bgcolor=\"#ffffff\">SMOD.<\/td>\n<\/tr>\n<\/table>\n<\/td>\n<\/tr>\n<tr>\n<td align=\"right\" bgcolor=\"#ef5677\">Centro Exposiciones San Jorge<\/td>\n<\/tr>\n<tr>\n<td align=\"center\" bgcolor=\"#ffccff\">\n<table border=\"0\" cellpadding=\"0\" cellspacing=\"1\" width=\"100%\">\n<tr>\n<td bgcolor=\"#ffffff\" width=\"18%\">11:00hs<\/td>\n<td bgcolor=\"#ffffff\" width=\"82%\">Talleres infantiles Taking Shape y Art Angels.<\/td>\n<\/tr>\n<tr>\n<td bgcolor=\"#ffffff\">17:00hs<\/td>\n<td bgcolor=\"#ffffff\">Talleres infantiles Taking Shape y Art Angels.<\/td>\n<\/tr>\n<\/table>\n<\/td>\n<\/tr>\n<tr>\n<td align=\"right\" bgcolor=\"#ef5677\">Filmoteca de Extremadura<\/td>\n<\/tr>\n<tr>\n<td align=\"center\" bgcolor=\"#ffccff\">\n<table border=\"0\" cellpadding=\"0\" cellspacing=\"1\" width=\"100%\">\n<tr>\n<td bgcolor=\"#ffffff\" width=\"18%\">11:00hs<\/td>\n<td bgcolor=\"#ffffff\" width=\"82%\">Ciclo de Cine WOMAD (Casa \u00c1frica). \u00abMomo El Patriarca\u00bb \/ \u00abMomo Le Doyen\u00bb.<\/td>\n<\/tr>\n<tr>\n<td bgcolor=\"#ffffff\">13:00hs<\/td>\n<td bgcolor=\"#ffffff\">Ciclo de Cine WOMAD (Casa \u00c1frica). \u00abMi Voz \/Nha Fala\u00bb<\/td>\n<\/tr>\n<\/table>\n<\/td>\n<\/tr>\n<\/table>\n<table align=\"center\" border=\"0\" cellpadding=\"0\" cellspacing=\"6\" width=\"90%\">\n<tr>\n<td><strong>S\u00e1bado 9 de Mayo<\/strong><\/td>\n<\/tr>\n<tr>\n<td align=\"right\" bgcolor=\"#ef5677\" width=\"50%\">Plaza Mayor<\/td>\n<\/tr>\n<tr>\n<td align=\"center\" bgcolor=\"#ffccff\">\n<table border=\"0\" cellpadding=\"0\" cellspacing=\"1\" width=\"100%\">\n<tr>\n<td bgcolor=\"#ffffff\" width=\"18%\">17:00hs<\/td>\n<td bgcolor=\"#ffffff\" width=\"82%\">Laura (Artista local).<\/td>\n<\/tr>\n<tr>\n<td bgcolor=\"#ffffff\">19:00hs<\/td>\n<td bgcolor=\"#ffffff\">Paprika Balkanicus.<\/td>\n<\/tr>\n<tr>\n<td bgcolor=\"#ffffff\">21:00hs<\/td>\n<td bgcolor=\"#ffffff\">Victor Deme.<\/td>\n<\/tr>\n<tr>\n<td bgcolor=\"#ffffff\">23:00hs<\/td>\n<td bgcolor=\"#ffffff\">Depedro.<\/td>\n<\/tr>\n<tr>\n<td bgcolor=\"#ffffff\">1:00hs<\/td>\n<td bgcolor=\"#ffffff\">Eliades Ochoa.<\/td>\n<\/tr>\n<\/table>\n<\/td>\n<\/tr>\n<tr>\n<td align=\"right\" bgcolor=\"#ef5677\">Plaza San Jorge<\/td>\n<\/tr>\n<tr>\n<td align=\"center\" bgcolor=\"#ffccff\">\n<table border=\"0\" cellpadding=\"0\" cellspacing=\"1\" width=\"100%\">\n<tr>\n<td bgcolor=\"#ffffff\" width=\"18%\">12:30hs<\/td>\n<td bgcolor=\"#ffffff\" width=\"82%\">Taller familiar con Diak Haso.<\/td>\n<\/tr>\n<tr>\n<td bgcolor=\"#ffffff\">16:30hs<\/td>\n<td bgcolor=\"#ffffff\">Taller con Victor Deme.<\/td>\n<\/tr>\n<tr>\n<td bgcolor=\"#ffffff\">18:00hs<\/td>\n<td bgcolor=\"#ffffff\">Taller con Diak Haso.<\/td>\n<\/tr>\n<tr>\n<td bgcolor=\"#ffffff\">20:00hs<\/td>\n<td bgcolor=\"#ffffff\">Carlos Ojeda (Artista local).<\/td>\n<\/tr>\n<tr>\n<td bgcolor=\"#ffffff\">22:00hs<\/td>\n<td bgcolor=\"#ffffff\">Mayte Mart\u00edn.<\/td>\n<\/tr>\n<tr>\n<td bgcolor=\"#ffffff\">00:00hs<\/td>\n<td bgcolor=\"#ffffff\">Toumast.<\/td>\n<\/tr>\n<\/table>\n<\/td>\n<\/tr>\n<tr>\n<td align=\"right\" bgcolor=\"#ef5677\">Las Veletas<\/td>\n<\/tr>\n<tr>\n<td align=\"center\" bgcolor=\"#ffccff\">\n<table border=\"0\" cellpadding=\"0\" cellspacing=\"1\" width=\"100%\">\n<tr>\n<td bgcolor=\"#ffffff\" width=\"18%\">12:30hs<\/td>\n<td bgcolor=\"#ffffff\" width=\"82%\">Saborea el Mundo con Paprika Balkanicus.<\/td>\n<\/tr>\n<tr>\n<td bgcolor=\"#ffffff\">16:00hs<\/td>\n<td bgcolor=\"#ffffff\">Taller con Toumast.<\/td>\n<\/tr>\n<tr>\n<td bgcolor=\"#ffffff\">17:30hs<\/td>\n<td bgcolor=\"#ffffff\">Taller con Blk Jks<\/td>\n<\/tr>\n<tr>\n<td bgcolor=\"#ffffff\">19:00hs<\/td>\n<td bgcolor=\"#ffffff\">Taller Depedro.<\/td>\n<\/tr>\n<tr>\n<td bgcolor=\"#ffffff\">21:00hs<\/td>\n<td bgcolor=\"#ffffff\">Mor Karbasi.<\/td>\n<\/tr>\n<tr>\n<td bgcolor=\"#ffffff\">23:00hs<\/td>\n<td bgcolor=\"#ffffff\">Blk Jks.<\/td>\n<\/tr>\n<\/table>\n<\/td>\n<\/tr>\n<tr>\n<td align=\"right\" bgcolor=\"#ef5677\">Centro Exposiciones San Jorge<\/td>\n<\/tr>\n<tr>\n<td align=\"center\" bgcolor=\"#ffccff\">\n<table border=\"0\" cellpadding=\"0\" cellspacing=\"1\" width=\"100%\">\n<tr>\n<td bgcolor=\"#ffffff\" width=\"18%\">11:00hs<\/td>\n<td bgcolor=\"#ffffff\" width=\"82%\">Talleres infantiles Taking Shape y Art Angels.<\/td>\n<\/tr>\n<tr>\n<td bgcolor=\"#ffffff\">11:15hs<\/td>\n<td bgcolor=\"#ffffff\">Cuentacuentos con Agn\u00e8s Agboton Adigoun.<\/td>\n<\/tr>\n<tr>\n<td bgcolor=\"#ffffff\">17:00hs<\/td>\n<td bgcolor=\"#ffffff\">Talleres infantiles Taking Shape y Art Angels.<\/td>\n<\/tr>\n<tr>\n<td bgcolor=\"#ffffff\">17:00hs<\/td>\n<td bgcolor=\"#ffffff\">Taller de batik con Dickson Isowa Eghianruwa.<\/td>\n<\/tr>\n<\/table>\n<\/td>\n<\/tr>\n<tr>\n<td align=\"right\" bgcolor=\"#ef5677\">Filmoteca de Extremadura<\/td>\n<\/tr>\n<tr>\n<td align=\"center\" bgcolor=\"#ffccff\">\n<table border=\"0\" cellpadding=\"0\" cellspacing=\"1\" width=\"100%\">\n<tr>\n<td bgcolor=\"#ffffff\" width=\"18%\">12:00hs<\/td>\n<td bgcolor=\"#ffffff\" width=\"82%\">Ciclo de Cine WOMAD (Casa \u00c1frica). \u00abRegreso A Gor\u00e9e\u00bb \/ \u00abRetour \u00c0 Gor\u00e9e\u00bb.<\/td>\n<\/tr>\n<\/table>\n<\/td>\n<\/tr>\n<\/table>\n<table align=\"center\" border=\"0\" cellpadding=\"0\" cellspacing=\"6\" width=\"90%\">\n<tr>\n<td><strong>Domingo 10 de Mayo.<\/strong><\/td>\n<\/tr>\n<tr>\n<td align=\"right\" bgcolor=\"#ef5677\" width=\"50%\">Centro exposici\u00f3n San Jorge<\/td>\n<\/tr>\n<tr>\n<td align=\"center\" bgcolor=\"#ffccff\">\n<table border=\"0\" cellpadding=\"0\" cellspacing=\"1\" width=\"100%\">\n<tr>\n<td bgcolor=\"#ffffff\" width=\"18%\">12:45hs<\/td>\n<td bgcolor=\"#ffffff\" width=\"82%\">Procesi\u00f3n.<\/td>\n<\/tr>\n<\/table>\n<\/td>\n<\/tr>\n<\/table>\n<p>Fuente: <a href=\"http:\/\/www.bme.es\/womad\/2009\/programacion.html\" target=\"_blank\">web oficial Womad C\u00e1ceres<\/a><\/p>\n","protected":false},"excerpt":{"rendered":"<p>Bueno, como promet\u00ed, os pongo el horario completo del festival del Womad C\u00e1ceres de este a\u00f1o, con los d\u00edas, horas y lugares de celebraci\u00f3n de los eventos &#8211; conciertos: Jueves <a href=\"https:\/\/www.fenrique.com\/blog\/2009\/05\/04\/horarios-del-womad-de-caceres-2009\/\" class=\"more-link\">[&hellip;]<\/a><\/p>\n","protected":false},"author":2,"featured_media":0,"comment_status":"open","ping_status":"open","sticky":false,"template":"","format":"standard","meta":{"_exactmetrics_skip_tracking":false,"_exactmetrics_sitenote_active":false,"_exactmetrics_sitenote_note":"","_exactmetrics_sitenote_category":0,"Layout":"","jetpack_post_was_ever_published":false,"_jetpack_newsletter_access":"","_jetpack_dont_email_post_to_subs":false,"_jetpack_newsletter_tier_id":0,"_jetpack_memberships_contains_paywalled_content":false,"_jetpack_memberships_contains_paid_content":false,"footnotes":"","jetpack_publicize_message":"","jetpack_publicize_feature_enabled":true,"jetpack_social_post_already_shared":false,"jetpack_social_options":{"image_generator_settings":{"template":"highway","default_image_id":0,"font":"","enabled":false},"version":2}},"categories":[18],"tags":[4742,151,1001,1732,999],"class_list":["entry","author-fenrique","post-679","post","type-post","status-publish","format-standard","category-caceres","tag-caceres","tag-cartel","tag-horarios","tag-programacion","tag-womad"],"jetpack_publicize_connections":[],"jetpack_featured_media_url":"","jetpack_shortlink":"https:\/\/wp.me\/p172Ei-aX","jetpack_likes_enabled":true,"jetpack_sharing_enabled":true,"_links":{"self":[{"href":"https:\/\/www.fenrique.com\/blog\/wp-json\/wp\/v2\/posts\/679","targetHints":{"allow":["GET"]}}],"collection":[{"href":"https:\/\/www.fenrique.com\/blog\/wp-json\/wp\/v2\/posts"}],"about":[{"href":"https:\/\/www.fenrique.com\/blog\/wp-json\/wp\/v2\/types\/post"}],"author":[{"embeddable":true,"href":"https:\/\/www.fenrique.com\/blog\/wp-json\/wp\/v2\/users\/2"}],"replies":[{"embeddable":true,"href":"https:\/\/www.fenrique.com\/blog\/wp-json\/wp\/v2\/comments?post=679"}],"version-history":[{"count":0,"href":"https:\/\/www.fenrique.com\/blog\/wp-json\/wp\/v2\/posts\/679\/revisions"}],"wp:attachment":[{"href":"https:\/\/www.fenrique.com\/blog\/wp-json\/wp\/v2\/media?parent=679"}],"wp:term":[{"taxonomy":"category","embeddable":true,"href":"https:\/\/www.fenrique.com\/blog\/wp-json\/wp\/v2\/categories?post=679"},{"taxonomy":"post_tag","embeddable":true,"href":"https:\/\/www.fenrique.com\/blog\/wp-json\/wp\/v2\/tags?post=679"}],"curies":[{"name":"wp","href":"https:\/\/api.w.org\/{rel}","templated":true}]}}