{"id":674,"date":"2009-04-28T08:31:51","date_gmt":"2009-04-28T06:31:51","guid":{"rendered":"http:\/\/www.fenrique.com\/blog\/movimiento-avanza-en-caceres\/"},"modified":"2009-04-27T12:45:17","modified_gmt":"2009-04-27T10:45:17","slug":"movimiento-avanza-en-caceres","status":"publish","type":"post","link":"https:\/\/www.fenrique.com\/blog\/2009\/04\/28\/movimiento-avanza-en-caceres\/","title":{"rendered":"Movimiento Avanza en C\u00e1ceres"},"content":{"rendered":"<p>Yo estar\u00e9 a partir de hoy, hasta el jueves, pero desde ayer y hasta el s\u00e1bado se puede visitar en C\u00e1ceres es Espacio Avanza, un evento itinerante que visitar\u00e1 diferentes ciudades espa\u00f1olas para acercar las Tecnolog\u00edas de la Informaci\u00f3n y Comunicaci\u00f3n, TIC, a todos los ciudadanos y las PYMEs, comunicando los objetivos y ayudas contempladas por el Plan Avanza 2.<\/p>\n<p>El programa completo de estos dias es el siguiente (<a href=\"http:\/\/www.caceres.es\/files\/Calendario_de_activiades_0.pdf\" target=\"_blank\">descargar en pdf<\/a>)<\/p>\n<p><img loading=\"lazy\" decoding=\"async\" src=\"http:\/\/www.lorca.es\/imgNovedades\/movimientoAvanza2009.jpg\" alt=\"avanza\" style=\"width: 205px; height: 184px\" width=\"205\" height=\"184\" \/><\/p>\n","protected":false},"excerpt":{"rendered":"<p>Yo estar\u00e9 a partir de hoy, hasta el jueves, pero desde ayer y hasta el s\u00e1bado se puede visitar en C\u00e1ceres es Espacio Avanza, un evento itinerante que visitar\u00e1 diferentes <a href=\"https:\/\/www.fenrique.com\/blog\/2009\/04\/28\/movimiento-avanza-en-caceres\/\" class=\"more-link\">[&hellip;]<\/a><\/p>\n","protected":false},"author":2,"featured_media":0,"comment_status":"open","ping_status":"open","sticky":false,"template":"","format":"standard","meta":{"_exactmetrics_skip_tracking":false,"_exactmetrics_sitenote_active":false,"_exactmetrics_sitenote_note":"","_exactmetrics_sitenote_category":0,"Layout":"","jetpack_post_was_ever_published":false,"_jetpack_newsletter_access":"","_jetpack_dont_email_post_to_subs":false,"_jetpack_newsletter_tier_id":0,"_jetpack_memberships_contains_paywalled_content":false,"_jetpack_memberships_contains_paid_content":false,"footnotes":"","jetpack_publicize_message":"","jetpack_publicize_feature_enabled":true,"jetpack_social_post_already_shared":false,"jetpack_social_options":{"image_generator_settings":{"template":"highway","default_image_id":0,"font":"","enabled":false},"version":2}},"categories":[18],"tags":[4742,2486,2487,905],"class_list":["entry","author-fenrique","post-674","post","type-post","status-publish","format-standard","category-caceres","tag-caceres","tag-movimiento-avanza","tag-plan-avanza","tag-tecnologia"],"jetpack_publicize_connections":[],"jetpack_featured_media_url":"","jetpack_shortlink":"https:\/\/wp.me\/p172Ei-aS","jetpack_likes_enabled":true,"jetpack_sharing_enabled":true,"_links":{"self":[{"href":"https:\/\/www.fenrique.com\/blog\/wp-json\/wp\/v2\/posts\/674","targetHints":{"allow":["GET"]}}],"collection":[{"href":"https:\/\/www.fenrique.com\/blog\/wp-json\/wp\/v2\/posts"}],"about":[{"href":"https:\/\/www.fenrique.com\/blog\/wp-json\/wp\/v2\/types\/post"}],"author":[{"embeddable":true,"href":"https:\/\/www.fenrique.com\/blog\/wp-json\/wp\/v2\/users\/2"}],"replies":[{"embeddable":true,"href":"https:\/\/www.fenrique.com\/blog\/wp-json\/wp\/v2\/comments?post=674"}],"version-history":[{"count":0,"href":"https:\/\/www.fenrique.com\/blog\/wp-json\/wp\/v2\/posts\/674\/revisions"}],"wp:attachment":[{"href":"https:\/\/www.fenrique.com\/blog\/wp-json\/wp\/v2\/media?parent=674"}],"wp:term":[{"taxonomy":"category","embeddable":true,"href":"https:\/\/www.fenrique.com\/blog\/wp-json\/wp\/v2\/categories?post=674"},{"taxonomy":"post_tag","embeddable":true,"href":"https:\/\/www.fenrique.com\/blog\/wp-json\/wp\/v2\/tags?post=674"}],"curies":[{"name":"wp","href":"https:\/\/api.w.org\/{rel}","templated":true}]}}