{"id":621,"date":"2009-02-20T08:30:03","date_gmt":"2009-02-20T07:30:03","guid":{"rendered":"http:\/\/www.fenrique.com\/blog\/convocatoria-para-la-seleccion-de-una-voluntario-experto-en-fortalecimiento-institucional-para-paraguay\/"},"modified":"2009-02-19T19:15:38","modified_gmt":"2009-02-19T18:15:38","slug":"convocatoria-para-la-seleccion-de-una-voluntario-experto-en-fortalecimiento-institucional-para-paraguay","status":"publish","type":"post","link":"https:\/\/www.fenrique.com\/blog\/2009\/02\/20\/convocatoria-para-la-seleccion-de-una-voluntario-experto-en-fortalecimiento-institucional-para-paraguay\/","title":{"rendered":"CONVOCATORIA para la SELECCI\u00d3N de UN\/A VOLUNTARIO EXPERTO en FORTALECIMIENTO INSTITUCIONAL para PARAGUAY"},"content":{"rendered":"<p>Nos piden desde el Consorcio Identic que demos difusi\u00f3n a esta convocatoria y a eso voy. Os pego aqu\u00ed \u00edntegro el texto de la misma. Como adelanto, os pongo el lugar donde hay que enviar los curr\u00edculums vitae:INTERESADOS\/AS ENVIAR CURRICULUM VITAE A:<\/p>\n<blockquote><p><strong>REF.: Voluntario experto Paraguay<\/strong><br \/>\n<em>Fondo Extreme\u00f1o Local de Cooperaci\u00f3n al Desarrollo (FELCODE) <\/em><br \/>\nC\/ Godofredo Ortega y Mu\u00f1oz, 1, local 11 &#8211; 06011 BADAJOZ<br \/>\npilargonzalez @ felcode.org<br \/>\nPlazo: hasta el 4 de marzo de 2009<\/p>\n<p>Telf. (+34) 924 22 95 95<br \/>\nFax  (+34) 924 22 95 96<\/p><\/blockquote>\n<p><!--more--><meta http-equiv=\"CONTENT-TYPE\" content=\"text\/html; charset=utf-8\" \/><title><\/title><meta name=\"GENERATOR\" content=\"OpenOffice.org 3.0  (Win32)\" \/><\/p>\n<style type=\"text\/css\"> \t \t<\/style>\n<p><strong>CONVOCATORIA para la SELECCI\u00d3N de UN\/A VOLUNTARIO EXPERTO en FORTALECIMIENTO INSTITUCIONAL para PARAGUAY promovida por EL FONDO EXTREME\u00d1O LOCAL DE COOPERACI\u00d3N AL DESARROLLO, FELCODE<\/strong><\/p>\n<p><strong>FECHA DE INICIO: 19 FEBRERO 2009 <\/strong><\/p>\n<p><strong>FECHA DE CIERRE: 4 MARZO 2009 <\/strong><\/p>\n<p>El Fondo Extreme\u00f1o Local de Cooperaci\u00f3n al Desarrollo, FELCODE, en el marco de la cuarta edici\u00f3n del programa <strong>\u00abVoluntarios Expertos en Proyectos de Cooperaci\u00f3n Internacional al Desarrollo\u00bb<\/strong> -financiado por las Diputaciones de C\u00e1ceres y Badajoz- y al objeto de dar continuidad al proyecto: <strong>\u00abEstrategia de fortalecimiento del tejido social para la gesti\u00f3n sostenible de la Reserva de Biosfera de Mbaracay\u00fa\u00bb<\/strong>, convoca una plaza en Paraguay.<\/p>\n<p>El programa <strong>\u00abVoluntarios Expertos\u00bb <\/strong>tiene entres sus objetivos contribuir a fortalecer el mundo local en los pa\u00edses iberoamericanos, a la vez que facilita el acceso a t\u00e9cnicos extreme\u00f1os al mundo de la cooperaci\u00f3n internacional al desarrollo.<\/p>\n<p>A lo largo de las tres ediciones anteriores treinta expertos que trabajan en el \u00e1mbito local de Extremadura han tenido la oportunidad de prestar su conocimiento, apoyo t\u00e9cnico y compromiso con los municipios iberoamericanos.<\/p>\n<p><strong>OBJETIVOS DEL PROGRAMA:<\/strong><\/p>\n<p>Contribuir a la sensibilizaci\u00f3n de la poblaci\u00f3n extreme\u00f1a sobre la realidad de los pa\u00edses pobres del Sur y sobre las causas de la pobreza.<\/p>\n<p>Prestar apoyo t\u00e9cnico especializado a los pa\u00edses en v\u00edas de desarrollo. Abrir un espacio de participaci\u00f3n directa e \u00abin situ\u00bb en programas y proyectos de cooperaci\u00f3n al desarrollo.<\/p>\n<p>Contribuir a fomentar la participaci\u00f3n de t\u00e9cnicos y expertos de Extremadura en iniciativas de cooperaci\u00f3n internacional mediante el voluntariado internacional.<\/p>\n<p>Contribuir a sensibilizar a la poblaci\u00f3n extreme\u00f1a, con especial atenci\u00f3n a las \u00e1reas rurales, sobre los temas que ata\u00f1en al tercer mundo y a la cooperaci\u00f3n.<\/p>\n<p><strong>REQUISITOS:<\/strong><\/p>\n<p>Hombres y mujeres con titulaci\u00f3n universitaria y con experiencia laboral, al menos 3 a\u00f1os, preferentemente, vinculados al \u00e1mbito local y\/o a instituciones locales (Ayuntamientos, diputaciones, mancomunidades, grupos de acci\u00f3n local).<\/p>\n<p><strong>DURACI\u00d3N:<\/strong><\/p>\n<p>La duraci\u00f3n m\u00e1xima de la estad\u00eda en el pa\u00eds ser\u00e1 de un mes.<\/p>\n<p><strong>CRITERIOS DE SELECCI\u00d3N:<\/strong><\/p>\n<ul>\n<li> Adecuaci\u00f3n del candidato a la plaza convocada.<\/li>\n<li> Formaci\u00f3n acad\u00e9mica (universitaria).<\/li>\n<li> Experiencia laboral y\/o profesional. Se prestar\u00e1 especial atenci\u00f3n a la experiencia de trabajo en el \u00e1mbito local.<\/li>\n<li> Experiencia previa en cooperaci\u00f3n internacional al desarrollo.<\/li>\n<li> Experiencias en el mundo del voluntariado.<\/li>\n<li> Capacidad de adaptaci\u00f3n a nuevos entornos de trabajo.<\/li>\n<\/ul>\n<p><strong>PLAZA:<\/strong><\/p>\n<p><strong>1 plaza en Paraguay<\/strong><\/p>\n<p>Fundaci\u00f3n Mois\u00e9s Bertoni. Contraparte local en Paraguay<\/p>\n<p>Fundaci\u00f3n Global Nature. Contraparte en Espa\u00f1a<\/p>\n<p>Funci\u00f3n: fortalecimiento institucional de los municipios aleda\u00f1os a la Reserva de la Biosfera de Mbaracay\u00fa, con \u00e9nfasis en el desarrollo de mecanismos de asociaci\u00f3n a nivel supramunicipal.<\/p>\n<p>Perfil: Experto\/a con experiencia de trabajo en la administraci\u00f3n p\u00fablica en sus diferentes niveles preferentemente a nivel municipal. Experiencia en gesti\u00f3n de mancomunidades.<\/p>\n<p><strong>\t<\/strong><\/p>\n<p><strong>CONDICIONES DE LOS\/AS SELECCIONADOS\/AS:<\/strong><\/p>\n<p>El\/la voluntario\/a seleccionado\/a deber\u00e1:<\/p>\n<ul>\n<li> Establecer contacto previo, con el apoyo de la organizaci\u00f3n, con las contrapartes locales y con los lugares donde va a desempe\u00f1ar su labor de voluntariado con el objetivo de fijar y concretar el alcance y la agenda final de su trabajo.<\/li>\n<\/ul>\n<ul>\n<li> Permanecer en el pa\u00eds de destino por un periodo no inferior a tres semanas ni superior al mes.<\/li>\n<\/ul>\n<ul>\n<li> Seguir las recomendaciones y directrices marcadas desde la organizaci\u00f3n en lo que concierne al trabajo a realizar.<\/li>\n<\/ul>\n<ul>\n<li> Al regreso, y en el plazo de un mes, elaborar un informe- memoria final en el que se recojan las tareas realizadas y una evaluaci\u00f3n del programa.<\/li>\n<\/ul>\n<ul>\n<li> Guardar confidencialidad de la informaci\u00f3n recibida en el desarrollo de sus funciones.<\/li>\n<\/ul>\n<ul>\n<li> Rechazar cualquier contraprestaci\u00f3n material o econ\u00f3mica, salvo las que proporcione la organizaci\u00f3n.<\/li>\n<\/ul>\n<ul>\n<li> Respetar los derechos de los beneficiarios y actuar de forma diligente y solidaria.<\/li>\n<\/ul>\n<ul>\n<li> Cumplir con las recomendaciones sanitarias correspondientes.<\/li>\n<\/ul>\n<p>El\/la voluntario\/a seleccionado\/a tendr\u00e1 cubierto los gastos de desplazamiento al pa\u00eds, seguro m\u00e9dico, el pago de tasas aeropuerto (en su caso) y se le conceder\u00e1 una ayuda, en concepto de bolsa de viaje, para cubrir gastos de estad\u00eda (alojamiento, comidas y desplazamientos internos).<\/p>\n<p><strong>INTERESADOS\/AS ENVIAR CURRICULUM VITAE A:<\/strong><\/p>\n<p>REF.: Voluntario experto Paraguay<\/p>\n<p>Fondo Extreme\u00f1o Local de Cooperaci\u00f3n al Desarrollo (FELCODE)<\/p>\n<p>C\/ Godofredo Ortega y Mu\u00f1oz, 1, local 11 &#8211; 06011 BADAJOZ<\/p>\n<p>pilargonzalez@felcode.org<\/p>\n<p><strong>Plazo: hasta el 4 de marzo de 2009<\/strong><\/p>\n<p>Telf. (+34) 924 22 95 95<\/p>\n<p>Fax  (+34) 924 22 95 96<\/p>\n","protected":false},"excerpt":{"rendered":"<p>Nos piden desde el Consorcio Identic que demos difusi\u00f3n a esta convocatoria y a eso voy. Os pego aqu\u00ed \u00edntegro el texto de la misma. Como adelanto, os pongo el <a href=\"https:\/\/www.fenrique.com\/blog\/2009\/02\/20\/convocatoria-para-la-seleccion-de-una-voluntario-experto-en-fortalecimiento-institucional-para-paraguay\/\" class=\"more-link\">[&hellip;]<\/a><\/p>\n","protected":false},"author":2,"featured_media":0,"comment_status":"open","ping_status":"open","sticky":false,"template":"","format":"standard","meta":{"_exactmetrics_skip_tracking":false,"_exactmetrics_sitenote_active":false,"_exactmetrics_sitenote_note":"","_exactmetrics_sitenote_category":0,"Layout":"","jetpack_post_was_ever_published":false,"_jetpack_newsletter_access":"","_jetpack_dont_email_post_to_subs":false,"_jetpack_newsletter_tier_id":0,"_jetpack_memberships_contains_paywalled_content":false,"_jetpack_memberships_contains_paid_content":false,"footnotes":"","jetpack_publicize_message":"","jetpack_publicize_feature_enabled":true,"jetpack_social_post_already_shared":false,"jetpack_social_options":{"image_generator_settings":{"template":"highway","default_image_id":0,"font":"","enabled":false},"version":2}},"categories":[11,1],"tags":[2329,2331,2330,2332,2328],"class_list":["entry","author-fenrique","has-more-link","post-621","post","type-post","status-publish","format-standard","category-de-viaje","category-general","tag-experto","tag-felcode","tag-paraguay","tag-pilar-gonzalez","tag-voluntario"],"jetpack_publicize_connections":[],"jetpack_featured_media_url":"","jetpack_shortlink":"https:\/\/wp.me\/p172Ei-a1","jetpack_likes_enabled":true,"jetpack_sharing_enabled":true,"_links":{"self":[{"href":"https:\/\/www.fenrique.com\/blog\/wp-json\/wp\/v2\/posts\/621","targetHints":{"allow":["GET"]}}],"collection":[{"href":"https:\/\/www.fenrique.com\/blog\/wp-json\/wp\/v2\/posts"}],"about":[{"href":"https:\/\/www.fenrique.com\/blog\/wp-json\/wp\/v2\/types\/post"}],"author":[{"embeddable":true,"href":"https:\/\/www.fenrique.com\/blog\/wp-json\/wp\/v2\/users\/2"}],"replies":[{"embeddable":true,"href":"https:\/\/www.fenrique.com\/blog\/wp-json\/wp\/v2\/comments?post=621"}],"version-history":[{"count":0,"href":"https:\/\/www.fenrique.com\/blog\/wp-json\/wp\/v2\/posts\/621\/revisions"}],"wp:attachment":[{"href":"https:\/\/www.fenrique.com\/blog\/wp-json\/wp\/v2\/media?parent=621"}],"wp:term":[{"taxonomy":"category","embeddable":true,"href":"https:\/\/www.fenrique.com\/blog\/wp-json\/wp\/v2\/categories?post=621"},{"taxonomy":"post_tag","embeddable":true,"href":"https:\/\/www.fenrique.com\/blog\/wp-json\/wp\/v2\/tags?post=621"}],"curies":[{"name":"wp","href":"https:\/\/api.w.org\/{rel}","templated":true}]}}