{"id":615,"date":"2009-02-13T13:15:57","date_gmt":"2009-02-13T12:15:57","guid":{"rendered":"http:\/\/www.fenrique.com\/blog\/de-premios-y-sobre-todo-de-premiados\/"},"modified":"2009-02-13T14:00:52","modified_gmt":"2009-02-13T13:00:52","slug":"de-premios-y-sobre-todo-de-premiados","status":"publish","type":"post","link":"https:\/\/www.fenrique.com\/blog\/2009\/02\/13\/de-premios-y-sobre-todo-de-premiados\/","title":{"rendered":"De premios y sobre todo, de premiados"},"content":{"rendered":"<p align=\"justify\">No suelo hablar casi nunca aqu\u00ed de mi trabajo, pero hoy es una ocasi\u00f3n especial, y es que no todos los d\u00edas uno gana un premio. Este premio es de todo un equipo de personas, el equipo del Plan de Alfabetizaci\u00f3n Tecnol\u00f3gica y Software Libre de Extremadura, que a pesar de todas las trabas que se presentan d\u00eda a d\u00eda, sabe sacar lo mejor de s\u00ed mismo para lanzar ideas \u00fatiles e innovadoras. Parte de ello fue reconocido ayer con un premio. Pero mejor que lo diga yo, lo dice la nota de prensa oficial que ha sacado AUPEX:<\/p>\n<p align=\"justify\">&nbsp;<\/p>\n<blockquote>\n<p align=\"center\"><strong>Extremadura, reconocida a nivel nacional por el fomento de la Sociedad de la Informaci\u00f3n<\/strong><\/p>\n<p align=\"justify\">As\u00ed lo ha considerado Fundetec, que ha otorgado a la Asociaci\u00f3n de Universidades Populares de Extremadura (AUPEX) el IV Premio Fundetec en la categor\u00eda de \u00abMejor proyecto de entidad no lucrativa destinado a los ciudadanos\u00bb por su proyecto Extremadura Online.<\/p>\n<p align=\"justify\">Los ganadores se desvelaron ayer jueves, en una ceremonia celebrada en Madrid que cont\u00f3 con la presencia del Secretario de Estado de Telecomunicaciones y para la Sociedad de la Informaci\u00f3n, Francisco Ros. La Directora del \u00c1rea de Comunicaci\u00f3n y Tecnolog\u00edas de AUPEX, Evangelina S\u00e1nchez, recogi\u00f3 el premio y agradeci\u00f3 este nuevo reconocimiento al esfuerzo que Extremadura realiza por el fomento de las Tecnolog\u00edas de la Informaci\u00f3n y la Comunicaci\u00f3n (TIC).<\/p>\n<p align=\"justify\">Fundetec, la Fundaci\u00f3n para el Desarrollo Infotecnol\u00f3gico de Empresas y Sociedad, compuesta por la Entidad P\u00fablica Empresarial red.es, adscrita al Ministerio de Industria, Turismo y Comercio a trav\u00e9s de la Secretar\u00eda de Estado de Telecomunicaciones y para la Sociedad de la Informaci\u00f3n (SETSI), y por las empresas El Corte Ingl\u00e9s, HP, Intel y Telef\u00f3nica, cuya funci\u00f3n se centra en el an\u00e1lisis, fomento, divulgaci\u00f3n y dinamizaci\u00f3n del acceso a las TIC por parte de ciudadanos, empresas e instituciones, reconoce con este galard\u00f3n la labor AUPEX que, con su proyecto Extremadura Online, desarrollado por el Plan de Alfabetizaci\u00f3n Tecnol\u00f3gica y Software Libre de Extremadura (PAT) , \u00abimpulsa el desarrollo de la Sociedad de la Informaci\u00f3n, el uso de las TIC por parte de los ciudadanos y trabaja por la reducci\u00f3n de la brecha digital en Extremadura\u00bb.<\/p>\n<p>Extremadura Online, el proyecto por el que AUPEX ha resultado ganadora de uno de los IV Premios Fundetec, tiene como objetivo sensibilizar a los ciudadanos sobre las ventajas de la tramitaci\u00f3n a trav\u00e9s de internet de servicios administrativos, as\u00ed como otras acciones formativas a trav\u00e9s de la red.<\/p>\n<p>El programa se desarrolla en el marco del Plan de Alfabetizaci\u00f3n Tecnol\u00f3gica y Software Libre de Extremadura (PAT) un programa gratuito y cofinanciado por el Fondo Social Europeo, la Vicepresidencia Segunda y Consejer\u00eda de Econom\u00eda, Comercio e Innovaci\u00f3n de la Junta de Extremadura y la Consejer\u00eda de Igualdad y Empleo y gestionado por la Asociaci\u00f3n de Universidades Populares de Extremadura (AUPEX).<\/p><\/blockquote>\n<blockquote><\/blockquote>\n<p align=\"justify\"><strong>\u00a0Enhorabuena<\/strong> no s\u00f3lo al equipo del PAT, sino a todas y cada una, sin excepci\u00f3n de las miles de personas en Extremadura que han pasado por los NCC y han participado, tanto en el proyecto ganador, como en todos los que se llevan a cabo, desde hace ya casi casi 10 a\u00f1os.<\/p>\n","protected":false},"excerpt":{"rendered":"<p>No suelo hablar casi nunca aqu\u00ed de mi trabajo, pero hoy es una ocasi\u00f3n especial, y es que no todos los d\u00edas uno gana un premio. Este premio es de <a href=\"https:\/\/www.fenrique.com\/blog\/2009\/02\/13\/de-premios-y-sobre-todo-de-premiados\/\" class=\"more-link\">[&hellip;]<\/a><\/p>\n","protected":false},"author":2,"featured_media":0,"comment_status":"open","ping_status":"open","sticky":false,"template":"","format":"standard","meta":{"_exactmetrics_skip_tracking":false,"_exactmetrics_sitenote_active":false,"_exactmetrics_sitenote_note":"","_exactmetrics_sitenote_category":0,"Layout":"","jetpack_post_was_ever_published":false,"_jetpack_newsletter_access":"","_jetpack_dont_email_post_to_subs":false,"_jetpack_newsletter_tier_id":0,"_jetpack_memberships_contains_paywalled_content":false,"_jetpack_memberships_contains_paid_content":false,"footnotes":"","jetpack_publicize_message":"","jetpack_publicize_feature_enabled":true,"jetpack_social_post_already_shared":false,"jetpack_social_options":{"image_generator_settings":{"template":"highway","default_image_id":0,"font":"","enabled":false},"version":2}},"categories":[7],"tags":[433,918,2311,2310,1308,2010],"class_list":["entry","author-fenrique","post-615","post","type-post","status-publish","format-standard","category-fenrique-piensa-que","tag-433","tag-aupex","tag-extremadura-online","tag-fundetec","tag-pat","tag-premio"],"jetpack_publicize_connections":[],"jetpack_featured_media_url":"","jetpack_shortlink":"https:\/\/wp.me\/p172Ei-9V","jetpack_likes_enabled":true,"jetpack_sharing_enabled":true,"_links":{"self":[{"href":"https:\/\/www.fenrique.com\/blog\/wp-json\/wp\/v2\/posts\/615","targetHints":{"allow":["GET"]}}],"collection":[{"href":"https:\/\/www.fenrique.com\/blog\/wp-json\/wp\/v2\/posts"}],"about":[{"href":"https:\/\/www.fenrique.com\/blog\/wp-json\/wp\/v2\/types\/post"}],"author":[{"embeddable":true,"href":"https:\/\/www.fenrique.com\/blog\/wp-json\/wp\/v2\/users\/2"}],"replies":[{"embeddable":true,"href":"https:\/\/www.fenrique.com\/blog\/wp-json\/wp\/v2\/comments?post=615"}],"version-history":[{"count":0,"href":"https:\/\/www.fenrique.com\/blog\/wp-json\/wp\/v2\/posts\/615\/revisions"}],"wp:attachment":[{"href":"https:\/\/www.fenrique.com\/blog\/wp-json\/wp\/v2\/media?parent=615"}],"wp:term":[{"taxonomy":"category","embeddable":true,"href":"https:\/\/www.fenrique.com\/blog\/wp-json\/wp\/v2\/categories?post=615"},{"taxonomy":"post_tag","embeddable":true,"href":"https:\/\/www.fenrique.com\/blog\/wp-json\/wp\/v2\/tags?post=615"}],"curies":[{"name":"wp","href":"https:\/\/api.w.org\/{rel}","templated":true}]}}