{"id":605,"date":"2009-02-01T15:00:57","date_gmt":"2009-02-01T14:00:57","guid":{"rendered":"http:\/\/www.fenrique.com\/blog\/carteles-de-carnaval-en-ribera-del-fresno-2009\/"},"modified":"2009-02-01T13:01:09","modified_gmt":"2009-02-01T12:01:09","slug":"carteles-de-carnaval-en-ribera-del-fresno-2009","status":"publish","type":"post","link":"https:\/\/www.fenrique.com\/blog\/2009\/02\/01\/carteles-de-carnaval-en-ribera-del-fresno-2009\/","title":{"rendered":"Carteles de Carnaval en Ribera del Fresno &#8211; 2009"},"content":{"rendered":"<p>El pasado viernes tuve la oportunidad, y el privilegio, de formar parte del jurado del cartel de Carnaval de Ribera del Fresno. Debo ser sincero y decir que el nivel de las obras presentadas era muy bajo, tanto por el n\u00famero de carteles, s\u00f3lo 5, como por la calidad.<\/p>\n<p>Os voy a ense\u00f1ar los 5 carteles y juzgad vosotros mismos. Hasta que no se haga la carteler\u00eda oficial y los dipticos de la fiesta por parte del Ayuntamiento, no estar\u00eda bien decir aqu\u00ed quien gano. Disculpad la calidad de las fotos.<\/p>\n<p><!--more--><img loading=\"lazy\" decoding=\"async\" src=\"http:\/\/farm4.static.flickr.com\/3484\/3244062932_c2982cf319.jpg?v=0\" alt=\"cartel 1\" style=\"width: 380px; height: 500px\" width=\"380\" height=\"500\" \/><\/p>\n<p>Cartel 1<\/p>\n<p><img loading=\"lazy\" decoding=\"async\" src=\"http:\/\/farm4.static.flickr.com\/3112\/3244063216_9d59c22f42.jpg?v=0\" alt=\"cartel 2\" style=\"width: 386px; height: 500px\" width=\"386\" height=\"500\" \/><\/p>\n<p>Cartel 2<\/p>\n<p><img loading=\"lazy\" decoding=\"async\" src=\"http:\/\/farm4.static.flickr.com\/3494\/3244063394_17b1ef13ba.jpg?v=0\" alt=\"cartel 3\" style=\"width: 392px; height: 500px\" width=\"392\" height=\"500\" \/><\/p>\n<p>Cartel 3<\/p>\n<p><img loading=\"lazy\" decoding=\"async\" src=\"http:\/\/farm4.static.flickr.com\/3466\/3243232249_7d2d79f238.jpg?v=0\" alt=\"cartel 4\" style=\"width: 385px; height: 500px\" width=\"385\" height=\"500\" \/><\/p>\n<p>Cartel 4<\/p>\n<p><img loading=\"lazy\" decoding=\"async\" src=\"http:\/\/farm4.static.flickr.com\/3534\/3243231829_fedf89174f.jpg?v=0\" alt=\"cartel 5\" style=\"width: 392px; height: 500px\" width=\"392\" height=\"500\" \/><\/p>\n<p>Cartel 5<\/p>\n","protected":false},"excerpt":{"rendered":"<p>El pasado viernes tuve la oportunidad, y el privilegio, de formar parte del jurado del cartel de Carnaval de Ribera del Fresno. Debo ser sincero y decir que el nivel <a href=\"https:\/\/www.fenrique.com\/blog\/2009\/02\/01\/carteles-de-carnaval-en-ribera-del-fresno-2009\/\" class=\"more-link\">[&hellip;]<\/a><\/p>\n","protected":false},"author":2,"featured_media":0,"comment_status":"open","ping_status":"open","sticky":false,"template":"","format":"standard","meta":{"_exactmetrics_skip_tracking":false,"_exactmetrics_sitenote_active":false,"_exactmetrics_sitenote_note":"","_exactmetrics_sitenote_category":0,"Layout":"","jetpack_post_was_ever_published":false,"_jetpack_newsletter_access":"","_jetpack_dont_email_post_to_subs":false,"_jetpack_newsletter_tier_id":0,"_jetpack_memberships_contains_paywalled_content":false,"_jetpack_memberships_contains_paid_content":false,"footnotes":"","jetpack_publicize_message":"","jetpack_publicize_feature_enabled":true,"jetpack_social_post_already_shared":false,"jetpack_social_options":{"image_generator_settings":{"template":"highway","default_image_id":0,"font":"","enabled":false},"version":2}},"categories":[8,79,6],"tags":[2284,151,2285,4743],"class_list":["entry","author-fenrique","has-more-link","post-605","post","type-post","status-publish","format-standard","category-carteleria","category-ribera-del-fresno","category-yo-y-mi-ego","tag-carnaval","tag-cartel","tag-jurado","tag-ribera-del-fresno"],"jetpack_publicize_connections":[],"jetpack_featured_media_url":"","jetpack_shortlink":"https:\/\/wp.me\/p172Ei-9L","jetpack_likes_enabled":true,"jetpack_sharing_enabled":true,"_links":{"self":[{"href":"https:\/\/www.fenrique.com\/blog\/wp-json\/wp\/v2\/posts\/605","targetHints":{"allow":["GET"]}}],"collection":[{"href":"https:\/\/www.fenrique.com\/blog\/wp-json\/wp\/v2\/posts"}],"about":[{"href":"https:\/\/www.fenrique.com\/blog\/wp-json\/wp\/v2\/types\/post"}],"author":[{"embeddable":true,"href":"https:\/\/www.fenrique.com\/blog\/wp-json\/wp\/v2\/users\/2"}],"replies":[{"embeddable":true,"href":"https:\/\/www.fenrique.com\/blog\/wp-json\/wp\/v2\/comments?post=605"}],"version-history":[{"count":0,"href":"https:\/\/www.fenrique.com\/blog\/wp-json\/wp\/v2\/posts\/605\/revisions"}],"wp:attachment":[{"href":"https:\/\/www.fenrique.com\/blog\/wp-json\/wp\/v2\/media?parent=605"}],"wp:term":[{"taxonomy":"category","embeddable":true,"href":"https:\/\/www.fenrique.com\/blog\/wp-json\/wp\/v2\/categories?post=605"},{"taxonomy":"post_tag","embeddable":true,"href":"https:\/\/www.fenrique.com\/blog\/wp-json\/wp\/v2\/tags?post=605"}],"curies":[{"name":"wp","href":"https:\/\/api.w.org\/{rel}","templated":true}]}}