{"id":586,"date":"2009-01-15T08:30:17","date_gmt":"2009-01-15T07:30:17","guid":{"rendered":"http:\/\/www.fenrique.com\/blog\/extendiendo-los-limites\/"},"modified":"2009-01-14T22:03:41","modified_gmt":"2009-01-14T21:03:41","slug":"extendiendo-los-limites","status":"publish","type":"post","link":"https:\/\/www.fenrique.com\/blog\/2009\/01\/15\/extendiendo-los-limites\/","title":{"rendered":"Extendiendo los l\u00edmites"},"content":{"rendered":"<p align=\"justify\">Muy buenas!<\/p>\n<p align=\"justify\">Desde empec\u00e9 a tener \u00abconfianza\u00bb con esto de los blogs, a escribir de forma m\u00e1s o menos peri\u00f3dica, a preocuparme por las visitas que ten\u00eda, los lectores habituales, los comentarios (lo m\u00e1s importante de este blog), pens\u00e9 que llegar\u00eda un d\u00eda en el que me gustar\u00eda escribir en otro blog que no fuera el mio, algo as\u00ed como el t\u00edtulo de este post, \u00abExtendiendo los l\u00edmites\u00bb, los m\u00edos personales, se entiende.<\/p>\n<p align=\"justify\">Ayer mismo, aprovechando estos d\u00edas de baja (que ya me est\u00e1n cansando, la verdad) visitando blogs, me entr\u00e9 en uno de los que tengo en favoritos y que suelo leer de forma peri\u00f3dica. En uno de los \u00faltimos posts que han publicado, ped\u00edan colaboraci\u00f3n para que ese blog creciera y, sin pens\u00e1rmelo mucho (un poco s\u00ed, por pudor, la verdad) me decid\u00ed a responder a esa petici\u00f3n.<\/p>\n<p align=\"justify\">Tras unos correos intercambiados con el administrador del blog (Chema) y tras la aprobaci\u00f3n del mismo, ya, oficialmente\u00a0 puedo decir (<a href=\"http:\/\/www.deambulando.com\/2009\/01\/14\/nuevos-autores-del-blog-y-algo-mas\/\" target=\"_blank\">ya lo dijo \u00e9l ayer<\/a>) que desde hoy soy nuevo co-autor del blog:<\/p>\n<p align=\"justify\">\n<blockquote><p><strong>DEAMBULANDO LA RED <\/strong><\/p><\/blockquote>\n<p align=\"justify\"><a href=\"http:\/\/www.deambulando.com\" target=\"_blank\"><img loading=\"lazy\" decoding=\"async\" src=\"http:\/\/easycaptures.com\/fs\/uploaded\/114\/7186382392.jpg\" alt=\"cabecera deambulando\" style=\"width: 550px; height: 69px\" width=\"550\" height=\"69\" \/><\/a><\/p>\n<p align=\"justify\">Un blog que como se dicen en el \u00ab<a href=\"http:\/\/www.deambulando.com\/about\/\" target=\"_blank\">acerca<\/a>\u00bb Deambula por la red..<\/p>\n<p align=\"justify\">\n<blockquote><p><em>Hacia ning\u00fan rumbo, hacia ning\u00fan lugar. Desde el 2006 deambulando por internet ofreciendo todo aquello que nos parece curioso\/\u00fatil.\u00a0<\/em><\/p><\/blockquote>\n<p align=\"justify\">As\u00ed que, como os he dicho, desde hoy, formar\u00e9 parte tambi\u00e9n de este grupo, eso s\u00ed, sin dejar de escribir aqu\u00ed, aunque es evidente que el ritmo de posteo posiblemente se resienta un poco.<\/p>\n<p align=\"justify\">Intentar\u00e9 hablaros desde all\u00ed de las cosas que me rodean, sobre todo de mi trabajo (Alfabetizaci\u00f3n Tecnol\u00f3gica o Digital) y tambi\u00e9n de Redes Sociales, Dise\u00f1o y Tecnolog\u00eda en general.<\/p>\n<p align=\"justify\">\u00a0Espero no defraudarles y que Chema no se enfade por usar esta cabecera antigua del blog (sacada gracias a <a href=\"http:\/\/web.archive.org\/web\/*\/http:\/\/www.deambulando.com\" target=\"_blank\">wayback machine<\/a>)<\/p>\n","protected":false},"excerpt":{"rendered":"<p>Muy buenas! Desde empec\u00e9 a tener \u00abconfianza\u00bb con esto de los blogs, a escribir de forma m\u00e1s o menos peri\u00f3dica, a preocuparme por las visitas que ten\u00eda, los lectores habituales, <a href=\"https:\/\/www.fenrique.com\/blog\/2009\/01\/15\/extendiendo-los-limites\/\" class=\"more-link\">[&hellip;]<\/a><\/p>\n","protected":false},"author":2,"featured_media":0,"comment_status":"open","ping_status":"open","sticky":false,"template":"","format":"standard","meta":{"_exactmetrics_skip_tracking":false,"_exactmetrics_sitenote_active":false,"_exactmetrics_sitenote_note":"","_exactmetrics_sitenote_category":0,"Layout":"","jetpack_post_was_ever_published":false,"_jetpack_newsletter_access":"","_jetpack_dont_email_post_to_subs":false,"_jetpack_newsletter_tier_id":0,"_jetpack_memberships_contains_paywalled_content":false,"_jetpack_memberships_contains_paid_content":false,"footnotes":"","jetpack_publicize_message":"","jetpack_publicize_feature_enabled":true,"jetpack_social_post_already_shared":false,"jetpack_social_options":{"image_generator_settings":{"template":"highway","default_image_id":0,"font":"","enabled":false},"version":2}},"categories":[5,6],"tags":[119,2203,2202,1111,2201,2128,2204],"class_list":["entry","author-fenrique","post-586","post","type-post","status-publish","format-standard","category-personal-y-transferible","category-yo-y-mi-ego","tag-blog","tag-blogosfera","tag-deambulando","tag-fenrique-dice","tag-nuevo-autor","tag-post","tag-postear"],"jetpack_publicize_connections":[],"jetpack_featured_media_url":"","jetpack_shortlink":"https:\/\/wp.me\/p172Ei-9s","jetpack_likes_enabled":true,"jetpack_sharing_enabled":true,"_links":{"self":[{"href":"https:\/\/www.fenrique.com\/blog\/wp-json\/wp\/v2\/posts\/586","targetHints":{"allow":["GET"]}}],"collection":[{"href":"https:\/\/www.fenrique.com\/blog\/wp-json\/wp\/v2\/posts"}],"about":[{"href":"https:\/\/www.fenrique.com\/blog\/wp-json\/wp\/v2\/types\/post"}],"author":[{"embeddable":true,"href":"https:\/\/www.fenrique.com\/blog\/wp-json\/wp\/v2\/users\/2"}],"replies":[{"embeddable":true,"href":"https:\/\/www.fenrique.com\/blog\/wp-json\/wp\/v2\/comments?post=586"}],"version-history":[{"count":0,"href":"https:\/\/www.fenrique.com\/blog\/wp-json\/wp\/v2\/posts\/586\/revisions"}],"wp:attachment":[{"href":"https:\/\/www.fenrique.com\/blog\/wp-json\/wp\/v2\/media?parent=586"}],"wp:term":[{"taxonomy":"category","embeddable":true,"href":"https:\/\/www.fenrique.com\/blog\/wp-json\/wp\/v2\/categories?post=586"},{"taxonomy":"post_tag","embeddable":true,"href":"https:\/\/www.fenrique.com\/blog\/wp-json\/wp\/v2\/tags?post=586"}],"curies":[{"name":"wp","href":"https:\/\/api.w.org\/{rel}","templated":true}]}}