{"id":584,"date":"2009-01-13T08:40:09","date_gmt":"2009-01-13T07:40:09","guid":{"rendered":"http:\/\/www.fenrique.com\/blog\/ilustracion-nena\/"},"modified":"2009-01-12T18:52:32","modified_gmt":"2009-01-12T17:52:32","slug":"ilustracion-nena","status":"publish","type":"post","link":"https:\/\/www.fenrique.com\/blog\/2009\/01\/13\/ilustracion-nena\/","title":{"rendered":"Ilustraci\u00f3n : Nena"},"content":{"rendered":"<p>Os presento a mi compa\u00f1era de piso. He querido que la segunda ilustraci\u00f3n que os muestro en el blog sea de ella, la gata que me acompa\u00f1a d\u00eda tras d\u00eda, y aunque en d\u00edas como hoy, se tira m\u00e1s tiempo tumbada junto al brasero que haci\u00e9ndome compa\u00f1\u00eda, ahora mismo, no podr\u00eda estar sin ella.<\/p>\n<p>El pasado domingo, aprovechando que estuve todo el d\u00eda en casa por la gripe, me puse a hacer esta ilustraci\u00f3n, de una foto que le hice hace mucho tiempo. Haced click en las im\u00e1genes para verlas m\u00e1s grandes, si quer\u00e9is:<\/p>\n<p><a href=\"http:\/\/www.flickr.com\/photos\/fenrique\/3191131905\/sizes\/l\/in\/photostream\/\" target=\"_blank\"><img loading=\"lazy\" decoding=\"async\" src=\"http:\/\/farm4.static.flickr.com\/3462\/3191131905_eda9544cbb.jpg?v=0\" alt=\"la neni\" style=\"width: 500px; height: 293px\" width=\"500\" height=\"293\" \/><\/a><\/p>\n<p>No me acababa de convencer c\u00f3mo hab\u00eda quedado, bueno, m\u00e1s bien c\u00f3mo hab\u00edan quedado los colores, porque en las lineas del dibujo s\u00ed, as\u00ed que aqu\u00ed os pongo ese dibujo tambi\u00e9n:<\/p>\n<p><a href=\"http:\/\/www.flickr.com\/photos\/fenrique\/3191979256\/sizes\/o\/in\/photostream\/\" target=\"_blank\"><img loading=\"lazy\" decoding=\"async\" src=\"http:\/\/farm4.static.flickr.com\/3106\/3191979256_4f3b4159a4.jpg?v=0\" alt=\"neni lineas\" style=\"width: 500px; height: 293px\" width=\"500\" height=\"293\" \/><\/a><\/p>\n<p>Espero que os guste.<\/p>\n","protected":false},"excerpt":{"rendered":"<p>Os presento a mi compa\u00f1era de piso. He querido que la segunda ilustraci\u00f3n que os muestro en el blog sea de ella, la gata que me acompa\u00f1a d\u00eda tras d\u00eda, <a href=\"https:\/\/www.fenrique.com\/blog\/2009\/01\/13\/ilustracion-nena\/\" class=\"more-link\">[&hellip;]<\/a><\/p>\n","protected":false},"author":2,"featured_media":0,"comment_status":"open","ping_status":"open","sticky":false,"template":"","format":"standard","meta":{"_exactmetrics_skip_tracking":false,"_exactmetrics_sitenote_active":false,"_exactmetrics_sitenote_note":"","_exactmetrics_sitenote_category":0,"Layout":"","jetpack_post_was_ever_published":false,"_jetpack_newsletter_access":"","_jetpack_dont_email_post_to_subs":false,"_jetpack_newsletter_tier_id":0,"_jetpack_memberships_contains_paywalled_content":false,"_jetpack_memberships_contains_paid_content":false,"footnotes":"","jetpack_publicize_message":"","jetpack_publicize_feature_enabled":true,"jetpack_social_post_already_shared":false,"jetpack_social_options":{"image_generator_settings":{"template":"highway","default_image_id":0,"font":"","enabled":false},"version":2}},"categories":[5,6],"tags":[581,2194,1811,1810,2195,2193],"class_list":["entry","author-fenrique","post-584","post","type-post","status-publish","format-standard","category-personal-y-transferible","category-yo-y-mi-ego","tag-colorear","tag-corel","tag-corel-draw","tag-ilustracion","tag-lineas","tag-neni"],"jetpack_publicize_connections":[],"jetpack_featured_media_url":"","jetpack_shortlink":"https:\/\/wp.me\/p172Ei-9q","jetpack_likes_enabled":true,"jetpack_sharing_enabled":true,"_links":{"self":[{"href":"https:\/\/www.fenrique.com\/blog\/wp-json\/wp\/v2\/posts\/584","targetHints":{"allow":["GET"]}}],"collection":[{"href":"https:\/\/www.fenrique.com\/blog\/wp-json\/wp\/v2\/posts"}],"about":[{"href":"https:\/\/www.fenrique.com\/blog\/wp-json\/wp\/v2\/types\/post"}],"author":[{"embeddable":true,"href":"https:\/\/www.fenrique.com\/blog\/wp-json\/wp\/v2\/users\/2"}],"replies":[{"embeddable":true,"href":"https:\/\/www.fenrique.com\/blog\/wp-json\/wp\/v2\/comments?post=584"}],"version-history":[{"count":0,"href":"https:\/\/www.fenrique.com\/blog\/wp-json\/wp\/v2\/posts\/584\/revisions"}],"wp:attachment":[{"href":"https:\/\/www.fenrique.com\/blog\/wp-json\/wp\/v2\/media?parent=584"}],"wp:term":[{"taxonomy":"category","embeddable":true,"href":"https:\/\/www.fenrique.com\/blog\/wp-json\/wp\/v2\/categories?post=584"},{"taxonomy":"post_tag","embeddable":true,"href":"https:\/\/www.fenrique.com\/blog\/wp-json\/wp\/v2\/tags?post=584"}],"curies":[{"name":"wp","href":"https:\/\/api.w.org\/{rel}","templated":true}]}}