{"id":562,"date":"2008-12-21T15:38:36","date_gmt":"2008-12-21T14:38:36","guid":{"rendered":"http:\/\/www.fenrique.com\/blog\/la-mal-llamada-vuelta-a-espana-2009\/"},"modified":"2008-12-20T15:11:49","modified_gmt":"2008-12-20T14:11:49","slug":"la-mal-llamada-vuelta-a-espana-2009","status":"publish","type":"post","link":"https:\/\/www.fenrique.com\/blog\/2008\/12\/21\/la-mal-llamada-vuelta-a-espana-2009\/","title":{"rendered":"La mal llamada Vuelta a Espa\u00f1a 2009"},"content":{"rendered":"<p>El pasado mi\u00e9rcoles, 17 de diciembre se present\u00f3 la edici\u00f3n 2009 de la mal llamada, este a\u00f1o, <a href=\"http:\/\/www.lavuelta.com\/09\/espanol\/recorrido\/altimetria.asp\" target=\"_blank\">Vuelta a Espa\u00f1a<\/a><\/p>\n<p>Y digo mal llamada por esto, mirad el mapa del recorrido:<\/p>\n<p><img loading=\"lazy\" decoding=\"async\" src=\"http:\/\/www.lavuelta.com\/09\/imagenes\/mapa_peque.jpg\" alt=\"la vuelta\" style=\"width: 570px; height: 685px\" height=\"685\" width=\"570\" \/><\/p>\n<p>Recorre s\u00f3lo 6 comunidades aut\u00f3nomas (Catalu\u00f1a &#8211; Comunidad Valenciana, Murcia, Castilla la Mancha, Castilla Le\u00f3n y Madrid), adem\u00e1s de disputar varias etapas por&#8230; Holanda!<br \/>\nLa mayor\u00eda de las etapas se concentran entre la Comunidad Valenciana, Murcia y  el Este de Andaluc\u00eda, y s\u00f3lo pasan por las dem\u00e1s para llevarles hacia  Madrid. Si veis bien el mapa, queda mucho espacio de la geograf\u00eda espa\u00f1ola por recorrer. Excesivo dir\u00eda yo.<\/p>\n<p>La impresi\u00f3n que me da es que han buscado un recorrido por zonas en la que ya existe una gran tradici\u00f3n ciclista,no hay que olvidar que las mayores vueltas regionales de primavera &#8211; verano se celebran en esa zona: <a href=\"http:\/\/www.volta-valencia.com\/\" target=\"_blank\">Vuelta a la Comunidad Valenciana<\/a>, <a href=\"http:\/\/www.esciclismo.com\/especiales\/vuelta_murcia\/\" target=\"_blank\">Vuelta a Murcia<\/a>, <a href=\"http:\/\/www.esciclismo.com\/especiales\/clasica-los-puertos\/\" target=\"_blank\">Vuelta a los Puertos<\/a> y <a href=\"http:\/\/www.vueltaandalucia.com\/\" target=\"_blank\">Ruta del Sol<\/a>, es decir, que buscan territorios donde saben que hay tradici\u00f3n, en lugar de fomentarlo donde no lo hay.<\/p>\n<p>Bueno, excepto en Toledo (Contra-reloj individual), donde a lo que hay afici\u00f3n es a <a href=\"http:\/\/www.abc.es\/20080905\/deportes-ciclismo\/bettini-esquiva-chinchetas-20080905.html\" target=\"_blank\">lanzar chinchetas al paso de las bicicletas<\/a>.<\/p>\n<p>No me quejo de que vayan por Holanda, al contrario (la hizo el Giro hace unos a\u00f1os), pero esta vuelta deber\u00eda llamarse, por este a\u00f1o, \u00abVuelta al Levante\u00bb o algo as\u00ed. Adem\u00e1s, el trazado es muy parecido al de la edici\u00f3n de 2008 y lo pod\u00e9is ver mejor analizado en el <a href=\"http:\/\/ciclismo2005.blogspot.com\/2008\/12\/empeados-en-sus-errores.html\" target=\"_blank\">blog de Sergio, Ciclismo 2005 (VER)<\/a><\/p>\n","protected":false},"excerpt":{"rendered":"<p>El pasado mi\u00e9rcoles, 17 de diciembre se present\u00f3 la edici\u00f3n 2009 de la mal llamada, este a\u00f1o, Vuelta a Espa\u00f1a Y digo mal llamada por esto, mirad el mapa del <a href=\"https:\/\/www.fenrique.com\/blog\/2008\/12\/21\/la-mal-llamada-vuelta-a-espana-2009\/\" class=\"more-link\">[&hellip;]<\/a><\/p>\n","protected":false},"author":2,"featured_media":0,"comment_status":"open","ping_status":"open","sticky":false,"template":"","format":"standard","meta":{"_exactmetrics_skip_tracking":false,"_exactmetrics_sitenote_active":false,"_exactmetrics_sitenote_note":"","_exactmetrics_sitenote_category":0,"Layout":"","jetpack_post_was_ever_published":false,"_jetpack_newsletter_access":"","_jetpack_dont_email_post_to_subs":false,"_jetpack_newsletter_tier_id":0,"_jetpack_memberships_contains_paywalled_content":false,"_jetpack_memberships_contains_paid_content":false,"footnotes":"","jetpack_publicize_message":"","jetpack_publicize_feature_enabled":true,"jetpack_social_post_already_shared":false,"jetpack_social_options":{"image_generator_settings":{"template":"highway","default_image_id":0,"font":"","enabled":false},"version":2}},"categories":[5],"tags":[1615,2105,2104],"class_list":["entry","author-fenrique","post-562","post","type-post","status-publish","format-standard","category-personal-y-transferible","tag-1615","tag-recorrido","tag-vuelta-a-espana"],"jetpack_publicize_connections":[],"jetpack_featured_media_url":"","jetpack_shortlink":"https:\/\/wp.me\/p172Ei-94","jetpack_likes_enabled":true,"jetpack_sharing_enabled":true,"_links":{"self":[{"href":"https:\/\/www.fenrique.com\/blog\/wp-json\/wp\/v2\/posts\/562","targetHints":{"allow":["GET"]}}],"collection":[{"href":"https:\/\/www.fenrique.com\/blog\/wp-json\/wp\/v2\/posts"}],"about":[{"href":"https:\/\/www.fenrique.com\/blog\/wp-json\/wp\/v2\/types\/post"}],"author":[{"embeddable":true,"href":"https:\/\/www.fenrique.com\/blog\/wp-json\/wp\/v2\/users\/2"}],"replies":[{"embeddable":true,"href":"https:\/\/www.fenrique.com\/blog\/wp-json\/wp\/v2\/comments?post=562"}],"version-history":[{"count":0,"href":"https:\/\/www.fenrique.com\/blog\/wp-json\/wp\/v2\/posts\/562\/revisions"}],"wp:attachment":[{"href":"https:\/\/www.fenrique.com\/blog\/wp-json\/wp\/v2\/media?parent=562"}],"wp:term":[{"taxonomy":"category","embeddable":true,"href":"https:\/\/www.fenrique.com\/blog\/wp-json\/wp\/v2\/categories?post=562"},{"taxonomy":"post_tag","embeddable":true,"href":"https:\/\/www.fenrique.com\/blog\/wp-json\/wp\/v2\/tags?post=562"}],"curies":[{"name":"wp","href":"https:\/\/api.w.org\/{rel}","templated":true}]}}