{"id":523,"date":"2008-11-18T08:20:36","date_gmt":"2008-11-18T07:20:36","guid":{"rendered":"http:\/\/www.fenrique.com\/blog\/concurso-de-fotografia-centro-europe-direct-de-caceres\/"},"modified":"2008-11-17T17:23:44","modified_gmt":"2008-11-17T16:23:44","slug":"concurso-de-fotografia-centro-europe-direct-de-caceres","status":"publish","type":"post","link":"https:\/\/www.fenrique.com\/blog\/2008\/11\/18\/concurso-de-fotografia-centro-europe-direct-de-caceres\/","title":{"rendered":"Concurso de Fotografia: \u00abCENTRO EUROPE DIRECT DE C\u00c1CERES\u00bb"},"content":{"rendered":"<p>Pego aqu\u00ed, directamente, las bases que est\u00e1n publicadas en la <a href=\"http:\/\/www.caceres.es\/print\/2501\" target=\"_blank\">web del Ayuntamiento de C\u00e1ceres<\/a>:<\/p>\n<blockquote>\n<p style=\"text-align: center\"><em><span style=\"color: #993300\"><img decoding=\"async\" src=\"http:\/\/www.caceres.es\/files\/images\/taking_europe_0_0.jpg\" alt=\"taking_europe.jpg\" title=\"taking_europe.jpg\" \/><\/span><\/em><\/p>\n<p align=\"center\"><em><span style=\"color: #993300\">\u00a0<\/span><\/em><\/p>\n<p align=\"center\"> <em><span style=\"color: #993300\"><strong>I<\/strong><strong>   CONCURSO DE FOTOGRAF\u00cdA   <\/strong><strong>2008<\/strong><\/span><\/em><\/p>\n<p align=\"center\"> <em><span style=\"color: #993300\"><strong>CENTRO EUROPE DIRECT DE C\u00c1CERES<\/strong><\/span><\/em><\/p>\n<p align=\"center\"> <em><span style=\"color: #993300\"><strong>(Ayuntamiento de C\u00e1ceres)<\/strong><br \/>\n<\/span><\/em><\/p>\n<p align=\"center\"> <em><span style=\"color: #993300\"><strong>\u00abTODOS LOS ROSTROS DE EUROPA\u00bb<\/strong><\/span><\/em><\/p>\n<p align=\"center\"> <em><span style=\"color: #993300\"><u>BASES<\/u><\/span><\/em><\/p>\n<p><em><span style=\"color: #993300\">\u00a0<\/span><\/em><\/p>\n<p><em><span style=\"color: #993300\"> 1.      Podr\u00e1n participar todas aquellas personas de cualquier nacionalidad que tengan su residencia en Espa\u00f1a. <\/span><\/em><\/p>\n<p><em><span style=\"color: #993300\"> 2. Los temas fotogr\u00e1ficos versar\u00e1n sobre im\u00e1genes, retratos o siluetas de personas, no centr\u00e1ndose la fotograf\u00eda en paisajes, que muestren los diferentes rostros, semblantes y aspectos de Europa, su sociedad y sus gentes. <\/span><\/em><\/p>\n<p><em><span style=\"color: #993300\"> 3.      El n\u00famero de fotograf\u00edas a presentar por participante estar\u00e1 limitada a 3. <\/span><\/em><\/p>\n<p><em><span style=\"color: #993300\">4. El formato de las fotograf\u00edas ser\u00e1 como m\u00ednimo de 15x21cm, no existiendo l\u00edmite m\u00e1ximo. Se admitir\u00e1n fotos en color y en blanco y negro. No se admitir\u00e1n obras protegidas con cristal. <\/span><\/em><\/p>\n<p><em><span style=\"color: #993300\">5. Cada fotograf\u00eda llevar\u00e1 un t\u00edtulo escrito por detr\u00e1s, junto a un seud\u00f3nimo que indique al autor. En un sobre cerrado, con el seud\u00f3nimo escrito por fuera, el autor introducir\u00e1 los datos personales (nombre, apellidos, NIF, direcci\u00f3n y tel\u00e9fono). <\/span><\/em><\/p>\n<p><em><span style=\"color: #993300\"> 6.      En los trabajos se har\u00e1 constar en el exterior: \u00abI CONCURSO DE FOTOGRAF\u00cdA 2008\u00bb, se podr\u00e1n presentar: <\/span><\/em><\/p>\n<ul>\n<li><em><span style=\"color: #993300\">Personalmente, en el registro de las oficinas del Ayuntamiento de C\u00e1ceres. <\/span><\/em><\/li>\n<li><em><span style=\"color: #993300\">Remitir por correo a la siguiente direcci\u00f3n: Centro Europe Direct, Ayuntamiento de C\u00e1ceres. Plaza Mayor 1, 10003 C\u00e1ceres. \t<\/span><\/em><\/li>\n<\/ul>\n<p><em><span style=\"color: #993300\"> 7.      La fecha l\u00edmite de admisi\u00f3n de las fotograf\u00edas ser\u00e1 el d\u00eda 4 de diciembre de 2008. <\/span><\/em><\/p>\n<p><em><span style=\"color: #993300\">8. El jurado ser\u00e1 designado por el Centro Europe Direct de C\u00e1ceres, formado por personas competentes en el tema. Una vez establecido las fotograf\u00edas ganadoras, se proceder\u00e1 a la apertura de plicas para comprobar la identidad de los autores. <\/span><\/em><\/p>\n<p><em><span style=\"color: #993300\">9. De todas las fotograf\u00edas recibidas ser\u00e1n seleccionadas tres, que recibir\u00e1n un premio. <\/span><\/em><\/p>\n<p><em><span style=\"color: #993300\"> Los premios ser\u00e1n los siguientes: <\/span><\/em><\/p>\n<p><em><span style=\"color: #993300\"> ?       Primer premio: <strong>300<\/strong><strong>\u20ac<\/strong> y publicaci\u00f3n de la fotograf\u00eda (para lo cual se solicitara un segunda copia de la fotograf\u00eda ganadora). <\/span><\/em><\/p>\n<p><em><span style=\"color: #993300\"> ?       Segundo premio: <strong>200<\/strong><strong>\u20ac<\/strong><\/span><\/em><\/p>\n<p><em><span style=\"color: #993300\"> ?       Tercer premio: <strong>100<\/strong><strong>\u20ac<\/strong><\/span><\/em><\/p>\n<p><em><span style=\"color: #993300\"> Las fotograf\u00edas premiadas se pedir\u00e1n que sean enviadas en un CD en alguno de los siguientes formatos: .jpg; .tif; .psd y .bmp. a la m\u00e1xima resoluci\u00f3n. <\/span><\/em><\/p>\n<p><em><span style=\"color: #993300\">10. Las fotograf\u00edas premiadas pasar\u00e1n a formar parte del Centro Europe Direct de C\u00e1ceres. Los concursantes PREMIADOS ceden los derechos de explotaci\u00f3n de las fotograf\u00edas PREMIADAS presentadas a concurso para su uso sin pedir compensaci\u00f3n econ\u00f3mica a cambio. El resto de las fotograf\u00edas podr\u00e1n ser recogidas por los autores en el mismo Centro con una fecha l\u00edmite del 30 de Julio de 2009, transcurrido el cual, si no se han recogido, ser\u00e1n destruidas. Qui\u00e9n lo desee, puede enviar sobre y sello con la direcci\u00f3n para que le sean remitidas sus fotos. <\/span><\/em><\/p>\n<p><em><span style=\"color: #993300\"> 11.    Todas las fotograf\u00edas participantes en el concurso, ser\u00e1n expuestas en lugar y fecha a determinar. <\/span><\/em><\/p>\n<p><em><span style=\"color: #993300\">12. Participar supone aceptar estas bases y la inapelable decisi\u00f3n del jurado, que estar\u00e1 formado por personas competentes en el tema y designados por el Centro Europe Direct de C\u00e1ceres. <\/span><\/em><\/p><\/blockquote>\n","protected":false},"excerpt":{"rendered":"<p>Pego aqu\u00ed, directamente, las bases que est\u00e1n publicadas en la web del Ayuntamiento de C\u00e1ceres: \u00a0 I CONCURSO DE FOTOGRAF\u00cdA 2008 CENTRO EUROPE DIRECT DE C\u00c1CERES (Ayuntamiento de C\u00e1ceres) \u00abTODOS <a href=\"https:\/\/www.fenrique.com\/blog\/2008\/11\/18\/concurso-de-fotografia-centro-europe-direct-de-caceres\/\" class=\"more-link\">[&hellip;]<\/a><\/p>\n","protected":false},"author":2,"featured_media":0,"comment_status":"open","ping_status":"open","sticky":false,"template":"","format":"standard","meta":{"_exactmetrics_skip_tracking":false,"_exactmetrics_sitenote_active":false,"_exactmetrics_sitenote_note":"","_exactmetrics_sitenote_category":0,"Layout":"","jetpack_post_was_ever_published":false,"_jetpack_newsletter_access":"","_jetpack_dont_email_post_to_subs":false,"_jetpack_newsletter_tier_id":0,"_jetpack_memberships_contains_paywalled_content":false,"_jetpack_memberships_contains_paid_content":false,"footnotes":"","jetpack_publicize_message":"","jetpack_publicize_feature_enabled":true,"jetpack_social_post_already_shared":false,"jetpack_social_options":{"image_generator_settings":{"template":"highway","default_image_id":0,"font":"","enabled":false},"version":2}},"categories":[3,5],"tags":[1966,1965,4742,1967,798,1306,1770],"class_list":["entry","author-fenrique","post-523","post","type-post","status-publish","format-standard","category-expofoto","category-personal-y-transferible","tag-300-euros","tag-ayuntamiento-de-caceres","tag-caceres","tag-centro-europe-direct","tag-concurso","tag-fotografia","tag-premios"],"jetpack_publicize_connections":[],"jetpack_featured_media_url":"","jetpack_shortlink":"https:\/\/wp.me\/p172Ei-8r","jetpack_likes_enabled":true,"jetpack_sharing_enabled":true,"_links":{"self":[{"href":"https:\/\/www.fenrique.com\/blog\/wp-json\/wp\/v2\/posts\/523","targetHints":{"allow":["GET"]}}],"collection":[{"href":"https:\/\/www.fenrique.com\/blog\/wp-json\/wp\/v2\/posts"}],"about":[{"href":"https:\/\/www.fenrique.com\/blog\/wp-json\/wp\/v2\/types\/post"}],"author":[{"embeddable":true,"href":"https:\/\/www.fenrique.com\/blog\/wp-json\/wp\/v2\/users\/2"}],"replies":[{"embeddable":true,"href":"https:\/\/www.fenrique.com\/blog\/wp-json\/wp\/v2\/comments?post=523"}],"version-history":[{"count":0,"href":"https:\/\/www.fenrique.com\/blog\/wp-json\/wp\/v2\/posts\/523\/revisions"}],"wp:attachment":[{"href":"https:\/\/www.fenrique.com\/blog\/wp-json\/wp\/v2\/media?parent=523"}],"wp:term":[{"taxonomy":"category","embeddable":true,"href":"https:\/\/www.fenrique.com\/blog\/wp-json\/wp\/v2\/categories?post=523"},{"taxonomy":"post_tag","embeddable":true,"href":"https:\/\/www.fenrique.com\/blog\/wp-json\/wp\/v2\/tags?post=523"}],"curies":[{"name":"wp","href":"https:\/\/api.w.org\/{rel}","templated":true}]}}