{"id":486,"date":"2008-10-20T08:25:56","date_gmt":"2008-10-20T06:25:56","guid":{"rendered":"http:\/\/www.fenrique.com\/blog\/mi-primera-ilustracion-autorretrato\/"},"modified":"2008-10-19T23:54:18","modified_gmt":"2008-10-19T21:54:18","slug":"mi-primera-ilustracion-autorretrato","status":"publish","type":"post","link":"https:\/\/www.fenrique.com\/blog\/2008\/10\/20\/mi-primera-ilustracion-autorretrato\/","title":{"rendered":"Mi primera ilustraci\u00f3n: Autorretrato"},"content":{"rendered":"<p align=\"justify\">Bueno, por fin, despu\u00e9s de una semana, en algunos ratos libres, he terminado mi primera ilustraci\u00f3n.<\/p>\n<p align=\"justify\">He seleccionado una foto m\u00eda (yo soy as\u00ed, primero pruebo con lo m\u00edo, si sale, ya hago con otros), una del pasado mes de septiembre, de la \u00abNoche en Blanco\u00bb en Madrid.<\/p>\n<p align=\"justify\">Este es el resultado final (haz click en la foto para verla en grande):<\/p>\n<p align=\"justify\"><a href=\"http:\/\/fenrique.com\/index.php?option=com_zoom&amp;Itemid=27&amp;page=view&amp;catid=40&amp;PageNo=1&amp;key=0&amp;hit=1\" target=\"_blank\"><img loading=\"lazy\" decoding=\"async\" src=\"http:\/\/fenrique.com\/images\/zoom\/ilustraciones\/thumbs\/ilustra_autorretrato.jpg\" alt=\"ilustra\" style=\"width: 74px; height: 110px\" height=\"110\" width=\"74\" \/><\/a><\/p>\n<p align=\"justify\">En breve har\u00e9 otro \u00abpaso a paso\u00bb como ya hice con el <a href=\"http:\/\/www.fenrique.com\/blog\/cartel-embajadas-2\/\" target=\"_blank\">cartel de las Embajadas Tecnol\u00f3gicas<\/a> del a\u00f1o pasado.<\/p>\n<p align=\"justify\">Por cierto, me he inspirado en las geniales ilustraciones de mi amiga <a href=\"http:\/\/www.amayaeguizabal.com\/\" target=\"_blank\">Amaya Eguiz\u00e1bal<\/a>, y aprovecho para enviarle un beso desde aqu\u00ed.<\/p>\n","protected":false},"excerpt":{"rendered":"<p>Bueno, por fin, despu\u00e9s de una semana, en algunos ratos libres, he terminado mi primera ilustraci\u00f3n. He seleccionado una foto m\u00eda (yo soy as\u00ed, primero pruebo con lo m\u00edo, si <a href=\"https:\/\/www.fenrique.com\/blog\/2008\/10\/20\/mi-primera-ilustracion-autorretrato\/\" class=\"more-link\">[&hellip;]<\/a><\/p>\n","protected":false},"author":2,"featured_media":0,"comment_status":"open","ping_status":"open","sticky":false,"template":"","format":"standard","meta":{"_exactmetrics_skip_tracking":false,"_exactmetrics_sitenote_active":false,"_exactmetrics_sitenote_note":"","_exactmetrics_sitenote_category":0,"Layout":"","jetpack_post_was_ever_published":false,"_jetpack_newsletter_access":"","_jetpack_dont_email_post_to_subs":false,"_jetpack_newsletter_tier_id":0,"_jetpack_memberships_contains_paywalled_content":false,"_jetpack_memberships_contains_paid_content":false,"footnotes":"","jetpack_publicize_message":"","jetpack_publicize_feature_enabled":true,"jetpack_social_post_already_shared":false,"jetpack_social_options":{"image_generator_settings":{"template":"highway","default_image_id":0,"font":"","enabled":false},"version":2}},"categories":[5],"tags":[1814,1812,1811,1810,91,1813,1815],"class_list":["entry","author-fenrique","post-486","post","type-post","status-publish","format-standard","category-personal-y-transferible","tag-amaya","tag-autoretrato","tag-corel-draw","tag-ilustracion","tag-madrid","tag-manolera","tag-noche-en-blanco"],"jetpack_publicize_connections":[],"jetpack_featured_media_url":"","jetpack_shortlink":"https:\/\/wp.me\/p172Ei-7Q","jetpack_likes_enabled":true,"jetpack_sharing_enabled":true,"_links":{"self":[{"href":"https:\/\/www.fenrique.com\/blog\/wp-json\/wp\/v2\/posts\/486","targetHints":{"allow":["GET"]}}],"collection":[{"href":"https:\/\/www.fenrique.com\/blog\/wp-json\/wp\/v2\/posts"}],"about":[{"href":"https:\/\/www.fenrique.com\/blog\/wp-json\/wp\/v2\/types\/post"}],"author":[{"embeddable":true,"href":"https:\/\/www.fenrique.com\/blog\/wp-json\/wp\/v2\/users\/2"}],"replies":[{"embeddable":true,"href":"https:\/\/www.fenrique.com\/blog\/wp-json\/wp\/v2\/comments?post=486"}],"version-history":[{"count":0,"href":"https:\/\/www.fenrique.com\/blog\/wp-json\/wp\/v2\/posts\/486\/revisions"}],"wp:attachment":[{"href":"https:\/\/www.fenrique.com\/blog\/wp-json\/wp\/v2\/media?parent=486"}],"wp:term":[{"taxonomy":"category","embeddable":true,"href":"https:\/\/www.fenrique.com\/blog\/wp-json\/wp\/v2\/categories?post=486"},{"taxonomy":"post_tag","embeddable":true,"href":"https:\/\/www.fenrique.com\/blog\/wp-json\/wp\/v2\/tags?post=486"}],"curies":[{"name":"wp","href":"https:\/\/api.w.org\/{rel}","templated":true}]}}