{"id":482,"date":"2008-10-17T11:14:32","date_gmt":"2008-10-17T09:14:32","guid":{"rendered":"http:\/\/www.fenrique.com\/blog\/oferta-de-empleo-real-tecnico-en-sede-para-proyecto-en-los-campamentos-de-tindouf\/"},"modified":"2008-10-17T10:20:50","modified_gmt":"2008-10-17T08:20:50","slug":"oferta-de-empleo-real-tecnico-en-sede-para-proyecto-en-los-campamentos-de-tindouf","status":"publish","type":"post","link":"https:\/\/www.fenrique.com\/blog\/2008\/10\/17\/oferta-de-empleo-real-tecnico-en-sede-para-proyecto-en-los-campamentos-de-tindouf\/","title":{"rendered":"Oferta de Empleo (Real): T\u00e9cnico en Sede para proyecto en los Campamentos de Tindouf."},"content":{"rendered":"<p align=\"justify\"><strong>CONVOCATORIA PARA CONTRATACI\u00d3N DE <\/strong><u><strong>TECNICO\/A EN SEDE<\/strong><\/u><strong> PARA LOS PROYECTOS  DESARROLLADOS EN LOS CAMPAMENTOS DE REFUGIADOS SAHARAUIS DE TINDOUF<\/strong><\/p>\n<p align=\"justify\">&nbsp;<\/p>\n<p align=\"justify\"><strong>ORGANIZACI\u00d3N<\/strong><\/p>\n<p align=\"justify\">&nbsp;<\/p>\n<p align=\"justify\"> Asociaci\u00f3n de Amigos y Amigas del Pueblo Saharaui de Extremadura<\/p>\n<p align=\"justify\">&nbsp;<\/p>\n<p align=\"justify\">    C\/ Padre Tom\u00e1s n\u00ba 2, oficina 5. CP: 06011. Badajoz.<\/p>\n<p align=\"justify\">&nbsp;<\/p>\n<p align=\"justify\">    Tfno: 924 25 70 74\/\/Fax: 924 23 91 83<\/p>\n<p align=\"justify\">&nbsp;<\/p>\n<p align=\"justify\">    e-mail: <u><a href=\"mailto:saharaex2@badajoz.dip-badajoz.es\">saharaex@badajoz.dip-badajoz.es<\/a><\/u><\/p>\n<p align=\"justify\">&nbsp;<\/p>\n<p align=\"justify\"><strong>NOMBRE DEL PUESTO<\/strong><\/p>\n<p align=\"justify\">&nbsp;<\/p>\n<p align=\"justify\">  T\u00e9cnico\/a del \u00c1rea de Proyectos<\/p>\n<p align=\"justify\">&nbsp;<\/p>\n<p align=\"justify\"><strong>MISI\u00d3N<\/strong><\/p>\n<p align=\"justify\">&nbsp;<\/p>\n<p align=\"justify\">  Coordinaci\u00f3n y seguimiento en sede de los proyectos que la asociaci\u00f3n desarrolla en los campamentos de refugiados saharauis.<\/p>\n<p align=\"justify\">&nbsp;<\/p>\n<p align=\"justify\"><strong>ORGANIGRAMA<\/strong><\/p>\n<p align=\"justify\">&nbsp;<\/p>\n<p align=\"justify\">  El puesto se integra en el \u00c1rea de Cooperaci\u00f3n de la Asociaci\u00f3n<\/p>\n<p align=\"justify\">&nbsp;<\/p>\n<p align=\"justify\"><strong>FUNCIONES<\/strong><\/p>\n<p align=\"justify\">&nbsp;<\/p>\n<p align=\"justify\"> &#8211; Coordinaci\u00f3n y seguimiento t\u00e9cnico y econ\u00f3mico de  proyectos.<\/p>\n<p align=\"justify\">&nbsp;<\/p>\n<p align=\"justify\"> &#8211; Coordinaci\u00f3n con las instituciones y t\u00e9cnicos\/as saharauis relacionados con los proyectos en ejecuci\u00f3n y con ONGDs y agencias presentes en el terreno as\u00ed como con los t\u00e9cnicos de la Junta de Extremadura.<\/p>\n<p align=\"justify\">\n<p align=\"justify\"><strong>TAREAS<\/strong><\/p>\n<p align=\"justify\">&nbsp;<\/p>\n<p align=\"justify\"> &#8211; Impulsar el fortalecimiento del \u00e1rea de proyectos de la Asociaci\u00f3n creando protocolos de funcionamiento que doten de mayor eficacia al \u00e1rea.<\/p>\n<p align=\"justify\">&nbsp;<\/p>\n<p align=\"justify\"> &#8211; Coordinar\u00e1 el seguimiento t\u00e9cnico y econ\u00f3mico de los proyectos y servir\u00e1 de apoyo al trabajo de la persona expatriada en los campamentos de refugiados.<\/p>\n<p align=\"justify\">&nbsp;<\/p>\n<p align=\"justify\"> &#8211;  Dise\u00f1o y elaboraci\u00f3n de documentos y memorias de los proyectos desarrollados por el \u00e1rea<\/p>\n<p align=\"justify\">&nbsp;<\/p>\n<p align=\"justify\"> &#8211; Impulsar la creaci\u00f3n de una pagina web para el \u00e1rea de proyectos<\/p>\n<p align=\"justify\">&nbsp;<\/p>\n<p align=\"justify\"> &#8211; Apoyar tareas de investigaci\u00f3n y evaluaci\u00f3n que mejoren el impacto de los proyectos sobre la poblaci\u00f3n saharaui y en coordinaci\u00f3n con todos los actores implicados en los mismos<\/p>\n<p align=\"justify\">&nbsp;<\/p>\n<p align=\"justify\"> &#8211; Deber\u00e1 realizar al a\u00f1o al menos 2 viajes de seguimiento a los campamentos de refugiados por un periodo no inferior a una semana.<\/p>\n<p align=\"justify\">&nbsp;<\/p>\n<p align=\"justify\">\n<p align=\"justify\">&nbsp;<\/p>\n<p align=\"justify\"><strong>FORMACI\u00d3N REQUERIDA<\/strong><\/p>\n<p align=\"justify\">&nbsp;<\/p>\n<p align=\"justify\"> ACADEMICA:<\/p>\n<p align=\"justify\">&nbsp;<\/p>\n<p align=\"justify\"> &#8211; Titulado en el \u00c1rea de Ciencias Sociales y Humanidades.<\/p>\n<p align=\"justify\">&nbsp;<\/p>\n<p align=\"justify\">\n<p align=\"justify\">&nbsp;<\/p>\n<p align=\"justify\"> COMPLEMENTARIA:<\/p>\n<p align=\"justify\">&nbsp;<\/p>\n<p align=\"justify\"> &#8211; Formaci\u00f3n en Cooperaci\u00f3n Internacional<\/p>\n<p align=\"justify\">&nbsp;<\/p>\n<p align=\"justify\"> &#8211; Conocimientos y experiencia en planificaci\u00f3n, desarrollo y gesti\u00f3n t\u00e9cnica y econ\u00f3mica de proyectos de Cooperaci\u00f3n<\/p>\n<p align=\"justify\">&nbsp;<\/p>\n<p align=\"justify\"> &#8211; Dominio del Marco L\u00f3gico.<\/p>\n<p align=\"justify\">&nbsp;<\/p>\n<p align=\"justify\">\n<p align=\"justify\">&nbsp;<\/p>\n<p align=\"justify\"> CONOCIMIENTOS<\/p>\n<p align=\"justify\">&nbsp;<\/p>\n<p align=\"justify\"> &#8211; Inform\u00e1tica: Nivel usuario paquete Office<\/p>\n<p align=\"justify\">&nbsp;<\/p>\n<p align=\"justify\">\n<p align=\"justify\">&nbsp;<\/p>\n<p align=\"justify\"><strong>EXPERIENCIA<\/strong><\/p>\n<p align=\"justify\">&nbsp;<\/p>\n<p align=\"justify\"> &#8211; Se valorar\u00e1 experiencia en gesti\u00f3n de equipos humanos y fortalecimiento institucional.<\/p>\n<p align=\"justify\">&nbsp;<\/p>\n<p align=\"justify\"> &#8211; Se valorar\u00e1 experiencia y conocimientos en el \u00e1mbito de la cooperaci\u00f3n internacional<\/p>\n<p align=\"justify\">&nbsp;<\/p>\n<p align=\"justify\"> &#8211; Se valorar\u00e1 el conocimiento de idiomas (franc\u00e9s)<\/p>\n<p align=\"justify\">&nbsp;<\/p>\n<p align=\"justify\">\n<p align=\"justify\">&nbsp;<\/p>\n<p align=\"justify\"><strong>PERFIL COMPETENCIAL<\/strong><\/p>\n<p align=\"justify\">&nbsp;<\/p>\n<p align=\"justify\"> &#8211; Habilidades de comunicaci\u00f3n con diferentes colectivos<\/p>\n<p align=\"justify\">&nbsp;<\/p>\n<p align=\"justify\"> &#8211; Afinidades con temas de \u00e1mbito social<\/p>\n<p align=\"justify\">&nbsp;<\/p>\n<p align=\"justify\"> &#8211; Aptitud y capacidad de trabajo en equipo.<\/p>\n<p align=\"justify\">&nbsp;<\/p>\n<p align=\"justify\"> &#8211; Autonom\u00eda e iniciativa en el trabajo<\/p>\n<p align=\"justify\">&nbsp;<\/p>\n<p align=\"justify\"> &#8211; Identificaci\u00f3n con los valores y principios del \u00c1rea de Cooperaci\u00f3n de la Asociaci\u00f3n.<\/p>\n<p align=\"justify\">&nbsp;<\/p>\n<p align=\"justify\">\n<p align=\"justify\">&nbsp;<\/p>\n<p align=\"justify\"><strong>CONCEPTOS SALARIALES<\/strong><\/p>\n<p align=\"justify\">\n<ul>\n<li>Salario \t\tseg\u00fan convenio<\/li>\n<li>Contrato \t\tpor obra y servicio. Un a\u00f1o prorrogable<\/li>\n<\/ul>\n<p align=\"justify\">&nbsp;<\/p>\n<p align=\"justify\">&#8211; \tIncorporaci\u00f3n \tinmediata.<\/p>\n<p align=\"justify\">&nbsp;<\/p>\n<p align=\"justify\">&#8211; Enviar CV, carta de presentaci\u00f3n y motivaciones a la \tdirecci\u00f3n de correo electr\u00f3nico que se indica \t<u>saharaex@badajoz.dip-badajoz.es<\/u><\/p>\n<p align=\"justify\">&nbsp;<\/p>\n<p align=\"justify\">&#8211; \tReferencia: T\u00e9cnico en sede de  Proyectos.<\/p>\n","protected":false},"excerpt":{"rendered":"<p>CONVOCATORIA PARA CONTRATACI\u00d3N DE TECNICO\/A EN SEDE PARA LOS PROYECTOS DESARROLLADOS EN LOS CAMPAMENTOS DE REFUGIADOS SAHARAUIS DE TINDOUF &nbsp; ORGANIZACI\u00d3N &nbsp; Asociaci\u00f3n de Amigos y Amigas del Pueblo Saharaui <a href=\"https:\/\/www.fenrique.com\/blog\/2008\/10\/17\/oferta-de-empleo-real-tecnico-en-sede-para-proyecto-en-los-campamentos-de-tindouf\/\" class=\"more-link\">[&hellip;]<\/a><\/p>\n","protected":false},"author":2,"featured_media":0,"comment_status":"open","ping_status":"open","sticky":false,"template":"","format":"standard","meta":{"_exactmetrics_skip_tracking":false,"_exactmetrics_sitenote_active":false,"_exactmetrics_sitenote_note":"","_exactmetrics_sitenote_category":0,"Layout":"","jetpack_post_was_ever_published":false,"_jetpack_newsletter_access":"","_jetpack_dont_email_post_to_subs":false,"_jetpack_newsletter_tier_id":0,"_jetpack_memberships_contains_paywalled_content":false,"_jetpack_memberships_contains_paid_content":false,"footnotes":"","jetpack_publicize_message":"","jetpack_publicize_feature_enabled":true,"jetpack_social_post_already_shared":false,"jetpack_social_options":{"image_generator_settings":{"template":"highway","default_image_id":0,"font":"","enabled":false},"version":2}},"categories":[2,5],"tags":[1667,1798,1795,1797,1799,1796],"class_list":["entry","author-fenrique","post-482","post","type-post","status-publish","format-standard","category-como-se-hace","category-personal-y-transferible","tag-cooperante","tag-humanidades","tag-oferta-empleo","tag-sahara","tag-tecnico-en-sede","tag-tindouf"],"jetpack_publicize_connections":[],"jetpack_featured_media_url":"","jetpack_shortlink":"https:\/\/wp.me\/p172Ei-7M","jetpack_likes_enabled":true,"jetpack_sharing_enabled":true,"_links":{"self":[{"href":"https:\/\/www.fenrique.com\/blog\/wp-json\/wp\/v2\/posts\/482","targetHints":{"allow":["GET"]}}],"collection":[{"href":"https:\/\/www.fenrique.com\/blog\/wp-json\/wp\/v2\/posts"}],"about":[{"href":"https:\/\/www.fenrique.com\/blog\/wp-json\/wp\/v2\/types\/post"}],"author":[{"embeddable":true,"href":"https:\/\/www.fenrique.com\/blog\/wp-json\/wp\/v2\/users\/2"}],"replies":[{"embeddable":true,"href":"https:\/\/www.fenrique.com\/blog\/wp-json\/wp\/v2\/comments?post=482"}],"version-history":[{"count":0,"href":"https:\/\/www.fenrique.com\/blog\/wp-json\/wp\/v2\/posts\/482\/revisions"}],"wp:attachment":[{"href":"https:\/\/www.fenrique.com\/blog\/wp-json\/wp\/v2\/media?parent=482"}],"wp:term":[{"taxonomy":"category","embeddable":true,"href":"https:\/\/www.fenrique.com\/blog\/wp-json\/wp\/v2\/categories?post=482"},{"taxonomy":"post_tag","embeddable":true,"href":"https:\/\/www.fenrique.com\/blog\/wp-json\/wp\/v2\/tags?post=482"}],"curies":[{"name":"wp","href":"https:\/\/api.w.org\/{rel}","templated":true}]}}