{"id":444,"date":"2008-09-12T10:56:13","date_gmt":"2008-09-12T08:56:13","guid":{"rendered":"http:\/\/www.fenrique.com\/blog\/se-necesita-cooperante-en-ecuador\/"},"modified":"2008-09-12T11:01:21","modified_gmt":"2008-09-12T09:01:21","slug":"se-necesita-cooperante-en-ecuador","status":"publish","type":"post","link":"https:\/\/www.fenrique.com\/blog\/2008\/09\/12\/se-necesita-cooperante-en-ecuador\/","title":{"rendered":"Se necesita cooperante en Ecuador"},"content":{"rendered":"<p align=\"justify\">Desde AUPEX y la Diputaci\u00f3n Provincial de C\u00e1ceres se est\u00e1 buscando a una persona que quiera irse de cooperante un mes a Ecuador en el marco de un programa de Cooperaci\u00f3n de la Diputaci\u00f3n.<\/p>\n<p align=\"justify\">La contraparte ecuatoriana es <a href=\"http:\/\/www.codenpe.gov.ec\" target=\"_blank\">CODENPE<\/a> www.codenpe.gov.ec  dentro del proyecto FORMIA que financia la AECID en Ecuador. La persona que se seleccionar\u00eda ir\u00eda entre 4 y 6 semanas a Quito para asesorar a esta instituci\u00f3n en materia de formaci\u00f3n on line.<\/p>\n<table border=\"0\">\n<tr>\n<td><img loading=\"lazy\" decoding=\"async\" src=\"http:\/\/www.codenpe.gov.ec\/images\/ind_03.gif\" alt=\"codenpe\" style=\"width: 83px; height: 157px\" height=\"157\" width=\"83\" \/><\/td>\n<td>\n<p align=\"justify\">&nbsp;<\/p>\n<ul>\n<li>   Asistencia t\u00e9cnica\tDise\u00f1o, organizaci\u00f3n y funcionamiento de plataformas de formaci\u00f3n on &#8211; line<\/li>\n<li>Perfil                                        \tExperiencia en  plataformas virtuales de formaci\u00f3n (en AUPEX solemos usar Moodle).<\/li>\n<li>Contraparte ecuatoriana\tCODENPE -FORMIA &#8211; AT, para establecer plataforma de formaci\u00f3n virtual a implementarse en el CODENPE<\/li>\n<\/ul>\n<\/td>\n<\/tr>\n<\/table>\n<p align=\"justify\"> Si est\u00e1is interesados, pod\u00e9is poneros en contacto conmigo mismo a trav\u00e9s de este <u><a href=\"http:\/\/fenrique.com\/index.php?option=com_contact&amp;Itemid=3\" target=\"_blank\">formulario de correo electr\u00f3nico<\/a><\/u>.<\/p>\n<p align=\"justify\">&nbsp;<\/p>\n<p align=\"justify\">&nbsp;<\/p>\n","protected":false},"excerpt":{"rendered":"<p>Desde AUPEX y la Diputaci\u00f3n Provincial de C\u00e1ceres se est\u00e1 buscando a una persona que quiera irse de cooperante un mes a Ecuador en el marco de un programa de <a href=\"https:\/\/www.fenrique.com\/blog\/2008\/09\/12\/se-necesita-cooperante-en-ecuador\/\" class=\"more-link\">[&hellip;]<\/a><\/p>\n","protected":false},"author":2,"featured_media":0,"comment_status":"open","ping_status":"open","sticky":false,"template":"","format":"standard","meta":{"_exactmetrics_skip_tracking":false,"_exactmetrics_sitenote_active":false,"_exactmetrics_sitenote_note":"","_exactmetrics_sitenote_category":0,"Layout":"","jetpack_post_was_ever_published":false,"_jetpack_newsletter_access":"","_jetpack_dont_email_post_to_subs":false,"_jetpack_newsletter_tier_id":0,"_jetpack_memberships_contains_paywalled_content":false,"_jetpack_memberships_contains_paid_content":false,"footnotes":"","jetpack_publicize_message":"","jetpack_publicize_feature_enabled":true,"jetpack_social_post_already_shared":false,"jetpack_social_options":{"image_generator_settings":{"template":"highway","default_image_id":0,"font":"","enabled":false},"version":2}},"categories":[11,5],"tags":[918,4742,1667,1669,1668],"class_list":["entry","author-fenrique","post-444","post","type-post","status-publish","format-standard","category-de-viaje","category-personal-y-transferible","tag-aupex","tag-caceres","tag-cooperante","tag-diputacion","tag-ecuador"],"jetpack_publicize_connections":[],"jetpack_featured_media_url":"","jetpack_shortlink":"https:\/\/wp.me\/p172Ei-7a","jetpack_likes_enabled":true,"jetpack_sharing_enabled":true,"_links":{"self":[{"href":"https:\/\/www.fenrique.com\/blog\/wp-json\/wp\/v2\/posts\/444","targetHints":{"allow":["GET"]}}],"collection":[{"href":"https:\/\/www.fenrique.com\/blog\/wp-json\/wp\/v2\/posts"}],"about":[{"href":"https:\/\/www.fenrique.com\/blog\/wp-json\/wp\/v2\/types\/post"}],"author":[{"embeddable":true,"href":"https:\/\/www.fenrique.com\/blog\/wp-json\/wp\/v2\/users\/2"}],"replies":[{"embeddable":true,"href":"https:\/\/www.fenrique.com\/blog\/wp-json\/wp\/v2\/comments?post=444"}],"version-history":[{"count":0,"href":"https:\/\/www.fenrique.com\/blog\/wp-json\/wp\/v2\/posts\/444\/revisions"}],"wp:attachment":[{"href":"https:\/\/www.fenrique.com\/blog\/wp-json\/wp\/v2\/media?parent=444"}],"wp:term":[{"taxonomy":"category","embeddable":true,"href":"https:\/\/www.fenrique.com\/blog\/wp-json\/wp\/v2\/categories?post=444"},{"taxonomy":"post_tag","embeddable":true,"href":"https:\/\/www.fenrique.com\/blog\/wp-json\/wp\/v2\/tags?post=444"}],"curies":[{"name":"wp","href":"https:\/\/api.w.org\/{rel}","templated":true}]}}