{"id":426,"date":"2008-09-02T09:00:06","date_gmt":"2008-09-02T07:00:06","guid":{"rendered":"http:\/\/www.fenrique.com\/blog\/republica-o-reino-pero-no-las-dos-cosas-%c2%bfno\/"},"modified":"2008-09-02T09:21:26","modified_gmt":"2008-09-02T07:21:26","slug":"republica-o-reino-pero-no-las-dos-cosas-%c2%bfno","status":"publish","type":"post","link":"https:\/\/www.fenrique.com\/blog\/2008\/09\/02\/republica-o-reino-pero-no-las-dos-cosas-%c2%bfno\/","title":{"rendered":"Rep\u00fablica o Reino, pero no las dos cosas, \u00bfno?"},"content":{"rendered":"<p align=\"justify\">Buscado en el diccionario de la RAE:<\/p>\n<blockquote>\n<p align=\"justify\"><strong>rep\u00fablica.<\/strong><\/p>\n<p align=\"justify\">(Del lat. respubl?ca).<\/p>\n<p align=\"justify\">1. f. Organizaci\u00f3n del Estado cuya m\u00e1xima autoridad es elegida por los ciudadanos o por el Parlamento para un per\u00edodo determinado.<\/p>\n<p align=\"justify\">2. f. En algunos pa\u00edses, r\u00e9gimen no mon\u00e1rquico.<\/p>\n<p align=\"justify\">&#8212;&#8212;&#8212;&#8212;&#8212;&#8212;&#8212;&#8212;&#8212;&#8211;<\/p>\n<p align=\"justify\"><strong>reino.<\/strong><\/p>\n<p align=\"justify\">(Del lat. regnum).<\/p>\n<p align=\"justify\">1. m. Territorio o Estado con sus habitantes sujetos a un rey.<\/p>\n<\/blockquote>\n<p align=\"justify\">Parecen t\u00e9rminos contradictorios, no? pues bien, parece que Ikea, tras la popular campa\u00f1a de los dos \u00faltimos a\u00f1os, la de \u00abLa rep\u00fablica independiente de tu casa\u00bb, ha querido contentar a toda la gente en la campa\u00f1a de 2009 y, ha seguido con ese eslogan, pero como subt\u00edtulo, cambiando el principal que es este: TU CASA, TU REINO:<\/p>\n<p align=\"justify\"><img loading=\"lazy\" decoding=\"async\" src=\"http:\/\/farm4.static.flickr.com\/3287\/2820163163_72cf12b0fc.jpg\" alt=\"catalogo ikea 2009\" style=\"width: 500px; height: 243px\" height=\"243\" width=\"500\" \/><\/p>\n<p align=\"justify\">Ale, todos contentos, mon\u00e1rquicos y republicanos. Lo que una una constituci\u00f3n, que no lo separe el marketing.<\/p>\n<p align=\"justify\">Y bueno, si has llegado hasta aqu\u00ed buscando el cat\u00e1logo de ikea, haz click en <u><a href=\"http:\/\/www.ikea.com\/ms\/es_ES\/virtual_catalogue\/online_catalogues.html\" target=\"_blank\">este enlace<\/a>\u00a0<\/u><\/p>\n","protected":false},"excerpt":{"rendered":"<p>Buscado en el diccionario de la RAE: rep\u00fablica. (Del lat. respubl?ca). 1. f. Organizaci\u00f3n del Estado cuya m\u00e1xima autoridad es elegida por los ciudadanos o por el Parlamento para un <a href=\"https:\/\/www.fenrique.com\/blog\/2008\/09\/02\/republica-o-reino-pero-no-las-dos-cosas-%c2%bfno\/\" class=\"more-link\">[&hellip;]<\/a><\/p>\n","protected":false},"author":2,"featured_media":0,"comment_status":"open","ping_status":"open","sticky":false,"template":"","format":"standard","meta":{"_exactmetrics_skip_tracking":false,"_exactmetrics_sitenote_active":false,"_exactmetrics_sitenote_note":"","_exactmetrics_sitenote_category":0,"Layout":"","jetpack_post_was_ever_published":false,"_jetpack_newsletter_access":"","_jetpack_dont_email_post_to_subs":false,"_jetpack_newsletter_tier_id":0,"_jetpack_memberships_contains_paywalled_content":false,"_jetpack_memberships_contains_paid_content":false,"footnotes":"","jetpack_publicize_message":"","jetpack_publicize_feature_enabled":true,"jetpack_social_post_already_shared":false,"jetpack_social_options":{"image_generator_settings":{"template":"highway","default_image_id":0,"font":"","enabled":false},"version":2}},"categories":[7],"tags":[1615,1614,640,733,1609,1610,1612,1611,1613],"class_list":["entry","author-fenrique","post-426","post","type-post","status-publish","format-standard","category-fenrique-piensa-que","tag-1615","tag-catalogo","tag-ikea","tag-monarquia","tag-ni-idea","tag-republica","tag-tu-casa","tag-tu-casa-tu-reino","tag-tu-reino"],"jetpack_publicize_connections":[],"jetpack_featured_media_url":"","jetpack_shortlink":"https:\/\/wp.me\/p172Ei-6S","jetpack_likes_enabled":true,"jetpack_sharing_enabled":true,"_links":{"self":[{"href":"https:\/\/www.fenrique.com\/blog\/wp-json\/wp\/v2\/posts\/426","targetHints":{"allow":["GET"]}}],"collection":[{"href":"https:\/\/www.fenrique.com\/blog\/wp-json\/wp\/v2\/posts"}],"about":[{"href":"https:\/\/www.fenrique.com\/blog\/wp-json\/wp\/v2\/types\/post"}],"author":[{"embeddable":true,"href":"https:\/\/www.fenrique.com\/blog\/wp-json\/wp\/v2\/users\/2"}],"replies":[{"embeddable":true,"href":"https:\/\/www.fenrique.com\/blog\/wp-json\/wp\/v2\/comments?post=426"}],"version-history":[{"count":0,"href":"https:\/\/www.fenrique.com\/blog\/wp-json\/wp\/v2\/posts\/426\/revisions"}],"wp:attachment":[{"href":"https:\/\/www.fenrique.com\/blog\/wp-json\/wp\/v2\/media?parent=426"}],"wp:term":[{"taxonomy":"category","embeddable":true,"href":"https:\/\/www.fenrique.com\/blog\/wp-json\/wp\/v2\/categories?post=426"},{"taxonomy":"post_tag","embeddable":true,"href":"https:\/\/www.fenrique.com\/blog\/wp-json\/wp\/v2\/tags?post=426"}],"curies":[{"name":"wp","href":"https:\/\/api.w.org\/{rel}","templated":true}]}}