{"id":425,"date":"2008-09-01T11:14:30","date_gmt":"2008-09-01T09:14:30","guid":{"rendered":"http:\/\/www.fenrique.com\/blog\/mi-tio-enrique-en-la-tele\/"},"modified":"2008-09-01T11:14:30","modified_gmt":"2008-09-01T09:14:30","slug":"mi-tio-enrique-en-la-tele","status":"publish","type":"post","link":"https:\/\/www.fenrique.com\/blog\/2008\/09\/01\/mi-tio-enrique-en-la-tele\/","title":{"rendered":"Mi t\u00edo Enrique en la tele"},"content":{"rendered":"<p align=\"justify\">El pasado mi\u00e9rcoles 27 de agosto, en el programa de Canal Extremadura \u00abPlaneta Extremadura\u00bb se propusieron sacar en directo el proceso de creaci\u00f3n del vino con motivo del comienzo de la campa\u00f1a de la Vendimia de este a\u00f1o. Y para ello se fueron a la Ciudad del Vino, Almendralejo, y concretamente a las bodegas de Vi\u00f1a Extreme\u00f1a, Vi\u00f1exsa, donde se elaboran algunos de los mejores vinos de Extremadura: Corte Real, Monasterio de Tentudia&#8230;<\/p>\n<p align=\"justify\">Pues bien, para comentar el proceso de elaboraci\u00f3n del vino, desde la recogida de la uva en la vi\u00f1a, pasando por el molido de la misma hasta el fermentado de los mostos en los bidones y las barricas, entrevistaron al <a href=\"http:\/\/vinexsa.com\/contenidos.htm\" target=\"_blank\">en\u00f3logo de Vinexsa<\/a>, que no es otro que mi t\u00edo Enrique Su\u00e1rez Campillejo. Aqu\u00ed teneis un par de fotos que hice, con el m\u00f3vil, a falta de una buena capturadora de tv:<\/p>\n<p align=\"justify\"><img loading=\"lazy\" decoding=\"async\" src=\"http:\/\/farm4.static.flickr.com\/3189\/2816370267_5c7e32f7ed_m.jpg\" alt=\"la tarde de canal extremadura\" style=\"width: 240px; height: 175px\" height=\"175\" width=\"240\" \/><\/p>\n<p><img loading=\"lazy\" decoding=\"async\" src=\"http:\/\/farm4.static.flickr.com\/3019\/2817221136_ee4d131683.jpg?v=0\" alt=\"Enrique su\u00e1rez en la tele\" style=\"width: 500px; height: 373px\" height=\"373\" width=\"500\" \/><\/p>\n","protected":false},"excerpt":{"rendered":"<p>El pasado mi\u00e9rcoles 27 de agosto, en el programa de Canal Extremadura \u00abPlaneta Extremadura\u00bb se propusieron sacar en directo el proceso de creaci\u00f3n del vino con motivo del comienzo de <a href=\"https:\/\/www.fenrique.com\/blog\/2008\/09\/01\/mi-tio-enrique-en-la-tele\/\" class=\"more-link\">[&hellip;]<\/a><\/p>\n","protected":false},"author":2,"featured_media":0,"comment_status":"open","ping_status":"open","sticky":false,"template":"","format":"standard","meta":{"_exactmetrics_skip_tracking":false,"_exactmetrics_sitenote_active":false,"_exactmetrics_sitenote_note":"","_exactmetrics_sitenote_category":0,"Layout":"","jetpack_post_was_ever_published":false,"_jetpack_newsletter_access":"","_jetpack_dont_email_post_to_subs":false,"_jetpack_newsletter_tier_id":0,"_jetpack_memberships_contains_paywalled_content":false,"_jetpack_memberships_contains_paid_content":false,"footnotes":"","jetpack_publicize_message":"","jetpack_publicize_feature_enabled":true,"jetpack_social_post_already_shared":false,"jetpack_social_options":{"image_generator_settings":{"template":"highway","default_image_id":0,"font":"","enabled":false},"version":2}},"categories":[11,5],"tags":[1092,1604,1603,1602,1608,1607,1606,1605],"class_list":["entry","author-fenrique","post-425","post","type-post","status-publish","format-standard","category-de-viaje","category-personal-y-transferible","tag-canal-extremadura","tag-enologia","tag-enologo","tag-enrique-suarez","tag-planeta-extremadura","tag-vendimia","tag-vina-extremena","tag-vinexsa"],"jetpack_publicize_connections":[],"jetpack_featured_media_url":"","jetpack_shortlink":"https:\/\/wp.me\/p172Ei-6R","jetpack_likes_enabled":true,"jetpack_sharing_enabled":true,"_links":{"self":[{"href":"https:\/\/www.fenrique.com\/blog\/wp-json\/wp\/v2\/posts\/425","targetHints":{"allow":["GET"]}}],"collection":[{"href":"https:\/\/www.fenrique.com\/blog\/wp-json\/wp\/v2\/posts"}],"about":[{"href":"https:\/\/www.fenrique.com\/blog\/wp-json\/wp\/v2\/types\/post"}],"author":[{"embeddable":true,"href":"https:\/\/www.fenrique.com\/blog\/wp-json\/wp\/v2\/users\/2"}],"replies":[{"embeddable":true,"href":"https:\/\/www.fenrique.com\/blog\/wp-json\/wp\/v2\/comments?post=425"}],"version-history":[{"count":0,"href":"https:\/\/www.fenrique.com\/blog\/wp-json\/wp\/v2\/posts\/425\/revisions"}],"wp:attachment":[{"href":"https:\/\/www.fenrique.com\/blog\/wp-json\/wp\/v2\/media?parent=425"}],"wp:term":[{"taxonomy":"category","embeddable":true,"href":"https:\/\/www.fenrique.com\/blog\/wp-json\/wp\/v2\/categories?post=425"},{"taxonomy":"post_tag","embeddable":true,"href":"https:\/\/www.fenrique.com\/blog\/wp-json\/wp\/v2\/tags?post=425"}],"curies":[{"name":"wp","href":"https:\/\/api.w.org\/{rel}","templated":true}]}}