{"id":424,"date":"2008-08-31T22:25:47","date_gmt":"2008-08-31T20:25:47","guid":{"rendered":"http:\/\/www.fenrique.com\/blog\/dia-del-blog-mis-5-blogs-recomendados\/"},"modified":"2008-08-31T22:25:47","modified_gmt":"2008-08-31T20:25:47","slug":"dia-del-blog-mis-5-blogs-recomendados","status":"publish","type":"post","link":"https:\/\/www.fenrique.com\/blog\/2008\/08\/31\/dia-del-blog-mis-5-blogs-recomendados\/","title":{"rendered":"D\u00eda del Blog: Mis 5 blogs recomendados"},"content":{"rendered":"<p align=\"justify\">Por si alguien no lo sabe a\u00fan, hoy, en lo que queda de d\u00eda, se celebra el \u00abD\u00eda del Blog\u00bb, que se celebra cada 31 de agosto, desde hace&#8230; bueno, no s\u00e9 cu\u00e1nto tiempo se lleva celebrando.<\/p>\n<p align=\"justify\">El caso es que una de las propuestas lanzadas ha sido la de invitar a los blogueros que recomienden otros 5 blogs que gusten, interesen o ambas cosas&#8230;<\/p>\n<p align=\"justify\">Estos son los m\u00edos, que ya los puse esta tarde en la <a href=\"http:\/\/www.diadelblog.com\/5-blogs-recomendados-2008\/\" target=\"_blank\">web oficial del evento<\/a>.<\/p>\n<p align=\"justify\">El formato es: Titulo de blog, autor, descripcion corta y enlace:<\/p>\n<p align=\"justify\">\n<ol>\n<li><strong>Cacere\u00f1o por un a\u00f1o<\/strong> (aunque ya va a por el tercer a\u00f1o) &#8211; Autor: Manuel Gonz\u00e1lez &#8211; (Descripci\u00f3n corta del blog: Tontunas, como \u00e9l mismo dir\u00eda: conciertos underground y su d\u00eda a d\u00eda, con los amigos, compa\u00f1eros de trabajo&#8230;) Link del blog: <a href=\"http:\/\/manuel77.wordpress.com\/\" onclick=\"javascript:urchinTracker('\/outbound\/manuel77.wordpress.com');\" target=\"_blank\" rel=\"nofollow\">http:\/\/manuel77.wordpress.com<\/a><\/li>\n<li><strong>Joaquim Rodr\u00edguez<\/strong> &#8211; Autor:Joaquim Rodriguez Oliver &#8211; (Descripci\u00f3n corta del blog: D\u00eda a d\u00eda de este ciclista profesional, anterior Campe\u00f3n de Espa\u00f1a, que milita en el Caisse DEpargne: entrenamientos, competici\u00f3n&#8230;) Link del blog: <a href=\"http:\/\/www.joaquimrodriguez.com\/\" target=\"_blank\">http;\/\/www.joaquimrodriguez.com<\/a><\/li>\n<li><strong>&#8230;En voz Baja<\/strong> &#8211; Autora: Nekane Gonz\u00e1lez &#8211; (Descripci\u00f3n corta del blog: Pensamientos en voz baja, susurros&#8230;) Link del blog: <a href=\"http:\/\/1secretoavoces.blogspot.com\/\" onclick=\"javascript:urchinTracker('\/outbound\/1secretoavoces.blogspot.com');\" target=\"_blank\" rel=\"nofollow\">http:\/\/1secretoavoces.blogspot.com<\/a><\/li>\n<li><strong>Caduca hoy<\/strong> &#8211; Autor Josetxu Rodr\u00edguez- (Descripci\u00f3n corta del blog: Humor descarado, le pese a quien le pese) Link del blog: <a href=\"http:\/\/caducahoy.blogspot.com\/\" target=\"_blank\">http:\/\/caducahoy.blogspot.com\/<\/a><\/li>\n<li><strong>La web de los deportistas olvidados<\/strong> &#8211; Autor: Eduardo Casado &#8211; (Descripci\u00f3n corta del blog: El mismo nombre lo dice, esos deportistas de nuestra juventud o infancia que ya casi no nos acordamos de ellos.) Link del blog: <a href=\"http:\/\/blogs.20minutos.es\/quefuede\" onclick=\"javascript:urchinTracker('\/outbound\/blogs.20minutos.es\/quefuede');\" target=\"_blank\" rel=\"nofollow\">http:\/\/blogs.20minutos.es\/quefuede<\/a><\/li>\n<\/ol>\n<p><img loading=\"lazy\" decoding=\"async\" src=\"http:\/\/www.diadelblog.com\/wp-content\/images\/blogday_140_280_07.gif\" alt=\"baner dia del blog\" style=\"width: 140px; height: 280px\" height=\"280\" width=\"140\" \/><\/p>\n","protected":false},"excerpt":{"rendered":"<p>Por si alguien no lo sabe a\u00fan, hoy, en lo que queda de d\u00eda, se celebra el \u00abD\u00eda del Blog\u00bb, que se celebra cada 31 de agosto, desde hace&#8230; bueno, <a href=\"https:\/\/www.fenrique.com\/blog\/2008\/08\/31\/dia-del-blog-mis-5-blogs-recomendados\/\" class=\"more-link\">[&hellip;]<\/a><\/p>\n","protected":false},"author":2,"featured_media":0,"comment_status":"open","ping_status":"open","sticky":false,"template":"","format":"standard","meta":{"_exactmetrics_skip_tracking":false,"_exactmetrics_sitenote_active":false,"_exactmetrics_sitenote_note":"","_exactmetrics_sitenote_category":0,"Layout":"","jetpack_post_was_ever_published":false,"_jetpack_newsletter_access":"","_jetpack_dont_email_post_to_subs":false,"_jetpack_newsletter_tier_id":0,"_jetpack_memberships_contains_paywalled_content":false,"_jetpack_memberships_contains_paid_content":false,"footnotes":"","jetpack_publicize_message":"","jetpack_publicize_feature_enabled":true,"jetpack_social_post_already_shared":false,"jetpack_social_options":{"image_generator_settings":{"template":"highway","default_image_id":0,"font":"","enabled":false},"version":2}},"categories":[7,5],"tags":[1599,1601,1598,1597,1600],"class_list":["entry","author-fenrique","post-424","post","type-post","status-publish","format-standard","category-fenrique-piensa-que","category-personal-y-transferible","tag-5-blogs","tag-blog-day","tag-blogs-recomendados","tag-dia-del-blog","tag-enlaces"],"jetpack_publicize_connections":[],"jetpack_featured_media_url":"","jetpack_shortlink":"https:\/\/wp.me\/p172Ei-6Q","jetpack_likes_enabled":true,"jetpack_sharing_enabled":true,"_links":{"self":[{"href":"https:\/\/www.fenrique.com\/blog\/wp-json\/wp\/v2\/posts\/424","targetHints":{"allow":["GET"]}}],"collection":[{"href":"https:\/\/www.fenrique.com\/blog\/wp-json\/wp\/v2\/posts"}],"about":[{"href":"https:\/\/www.fenrique.com\/blog\/wp-json\/wp\/v2\/types\/post"}],"author":[{"embeddable":true,"href":"https:\/\/www.fenrique.com\/blog\/wp-json\/wp\/v2\/users\/2"}],"replies":[{"embeddable":true,"href":"https:\/\/www.fenrique.com\/blog\/wp-json\/wp\/v2\/comments?post=424"}],"version-history":[{"count":0,"href":"https:\/\/www.fenrique.com\/blog\/wp-json\/wp\/v2\/posts\/424\/revisions"}],"wp:attachment":[{"href":"https:\/\/www.fenrique.com\/blog\/wp-json\/wp\/v2\/media?parent=424"}],"wp:term":[{"taxonomy":"category","embeddable":true,"href":"https:\/\/www.fenrique.com\/blog\/wp-json\/wp\/v2\/categories?post=424"},{"taxonomy":"post_tag","embeddable":true,"href":"https:\/\/www.fenrique.com\/blog\/wp-json\/wp\/v2\/tags?post=424"}],"curies":[{"name":"wp","href":"https:\/\/api.w.org\/{rel}","templated":true}]}}