{"id":4113,"date":"2014-08-28T13:08:03","date_gmt":"2014-08-28T11:08:03","guid":{"rendered":"http:\/\/www.fenrique.com\/blog\/?p=4113"},"modified":"2014-08-28T13:08:03","modified_gmt":"2014-08-28T11:08:03","slug":"video-de-la-llegada-de-la-xii-marcha-dori-ruano","status":"publish","type":"post","link":"https:\/\/www.fenrique.com\/blog\/2014\/08\/28\/video-de-la-llegada-de-la-xii-marcha-dori-ruano\/","title":{"rendered":"V\u00eddeo de la llegada de la XII Marcha Dori Ruano"},"content":{"rendered":"<p>Sigo practicando con la edici\u00f3n de v\u00eddeo. Esta vez experimento con un fragmento de todo lo que grab\u00e9 con mi c\u00e1mara \u00abon board\u00bb en la pasada Marcha BTT de Dori Ruano, en Villamayor (Salamanca), el pasado 16 de agosto, marcha que cumpli\u00f3 su 12\u00aa edici\u00f3n.<\/p>\n<p><img loading=\"lazy\" decoding=\"async\" data-attachment-id=\"4114\" data-permalink=\"https:\/\/www.fenrique.com\/blog\/2014\/08\/28\/video-de-la-llegada-de-la-xii-marcha-dori-ruano\/bu1gpdyccaa9upr\/\" data-orig-file=\"https:\/\/www.fenrique.com\/blog\/wp-content\/uploads\/2014\/08\/Bu1gPDYCcAA9upR.jpg\" data-orig-size=\"600,415\" data-comments-opened=\"1\" data-image-meta=\"{&quot;aperture&quot;:&quot;0&quot;,&quot;credit&quot;:&quot;&quot;,&quot;camera&quot;:&quot;&quot;,&quot;caption&quot;:&quot;&quot;,&quot;created_timestamp&quot;:&quot;0&quot;,&quot;copyright&quot;:&quot;&quot;,&quot;focal_length&quot;:&quot;0&quot;,&quot;iso&quot;:&quot;0&quot;,&quot;shutter_speed&quot;:&quot;0&quot;,&quot;title&quot;:&quot;&quot;}\" data-image-title=\"Bu1gPDYCcAA9upR\" data-image-description=\"\" data-image-caption=\"\" data-medium-file=\"https:\/\/www.fenrique.com\/blog\/wp-content\/uploads\/2014\/08\/Bu1gPDYCcAA9upR-300x207.jpg\" data-large-file=\"https:\/\/www.fenrique.com\/blog\/wp-content\/uploads\/2014\/08\/Bu1gPDYCcAA9upR-550x380.jpg\" class=\"alignnone size-large wp-image-4114\" src=\"http:\/\/www.fenrique.com\/blog\/wp-content\/uploads\/2014\/08\/Bu1gPDYCcAA9upR-550x380.jpg\" alt=\"Bu1gPDYCcAA9upR\" width=\"550\" height=\"380\" srcset=\"https:\/\/www.fenrique.com\/blog\/wp-content\/uploads\/2014\/08\/Bu1gPDYCcAA9upR-550x380.jpg 550w, https:\/\/www.fenrique.com\/blog\/wp-content\/uploads\/2014\/08\/Bu1gPDYCcAA9upR-300x207.jpg 300w, https:\/\/www.fenrique.com\/blog\/wp-content\/uploads\/2014\/08\/Bu1gPDYCcAA9upR-433x300.jpg 433w, https:\/\/www.fenrique.com\/blog\/wp-content\/uploads\/2014\/08\/Bu1gPDYCcAA9upR.jpg 600w\" sizes=\"auto, (max-width: 550px) 100vw, 550px\" \/><\/p>\n<p>Por ah\u00ed sale la propia Dori, Miriam G\u00f3mez-Mor\u00e1n y algunos-as m\u00e1s. Espero que os guste (y que dig\u00e1is los fallos que pueda tener):<\/p>\n<object type=\"application\/x-shockwave-flash\" data=\"http:\/\/www.youtube.com\/v\/KyuYUZ2gKHU\" width=\"450\" height=\"370\"><param name=\"movie\" value=\"http:\/\/www.youtube.com\/v\/KyuYUZ2gKHU\" \/><param name=\"autostart\" value=\"true\" \/><param name=\"wmode\" value=\"transparent\" \/><\/object><br \/>\n<!-- generated by WordPress plugin Embedded Video -->\n\n<p>La canci\u00f3n de fondo pertenece al grupo Azoora y se titula \u00abRestless at the Hacienda\u00bb es de contenido libre (Creative Commons). <a href=\"https:\/\/www.jamendo.com\/en\/track\/176984\/restless-at-the-hacienda\" target=\"_blank\">La puedes descargar aqu\u00ed \u00abJamendo\u00bb<\/a><\/p>\n","protected":false},"excerpt":{"rendered":"<p>Sigo practicando con la edici\u00f3n de v\u00eddeo. Esta vez experimento con un fragmento de todo lo que grab\u00e9 con mi c\u00e1mara \u00abon board\u00bb en la pasada Marcha BTT de Dori <a href=\"https:\/\/www.fenrique.com\/blog\/2014\/08\/28\/video-de-la-llegada-de-la-xii-marcha-dori-ruano\/\" class=\"more-link\">[&hellip;]<\/a><\/p>\n","protected":false},"author":2,"featured_media":4114,"comment_status":"open","ping_status":"open","sticky":false,"template":"","format":"standard","meta":{"_exactmetrics_skip_tracking":false,"_exactmetrics_sitenote_active":false,"_exactmetrics_sitenote_note":"","_exactmetrics_sitenote_category":0,"Layout":"","jetpack_post_was_ever_published":false,"_jetpack_newsletter_access":"","_jetpack_dont_email_post_to_subs":false,"_jetpack_newsletter_tier_id":0,"_jetpack_memberships_contains_paywalled_content":false,"_jetpack_memberships_contains_paid_content":false,"footnotes":"","jetpack_publicize_message":"","jetpack_publicize_feature_enabled":true,"jetpack_social_post_already_shared":true,"jetpack_social_options":{"image_generator_settings":{"template":"highway","default_image_id":0,"font":"","enabled":false},"version":2}},"categories":[101,31,2422],"tags":[4405,182,1221,4635,289,3393],"class_list":["entry","author-fenrique","post-4113","post","type-post","status-publish","format-standard","has-post-thumbnail","category-deprisa-y-corriendo","category-haciendo-deporte","category-videoteca","tag-btt","tag-ciclismo","tag-cicloturismo","tag-dori-ruano","tag-marcha","tag-salamanca"],"jetpack_publicize_connections":[],"jetpack_featured_media_url":"https:\/\/www.fenrique.com\/blog\/wp-content\/uploads\/2014\/08\/Bu1gPDYCcAA9upR.jpg","jetpack_shortlink":"https:\/\/wp.me\/p172Ei-14l","jetpack_likes_enabled":true,"jetpack_sharing_enabled":true,"_links":{"self":[{"href":"https:\/\/www.fenrique.com\/blog\/wp-json\/wp\/v2\/posts\/4113","targetHints":{"allow":["GET"]}}],"collection":[{"href":"https:\/\/www.fenrique.com\/blog\/wp-json\/wp\/v2\/posts"}],"about":[{"href":"https:\/\/www.fenrique.com\/blog\/wp-json\/wp\/v2\/types\/post"}],"author":[{"embeddable":true,"href":"https:\/\/www.fenrique.com\/blog\/wp-json\/wp\/v2\/users\/2"}],"replies":[{"embeddable":true,"href":"https:\/\/www.fenrique.com\/blog\/wp-json\/wp\/v2\/comments?post=4113"}],"version-history":[{"count":1,"href":"https:\/\/www.fenrique.com\/blog\/wp-json\/wp\/v2\/posts\/4113\/revisions"}],"predecessor-version":[{"id":4115,"href":"https:\/\/www.fenrique.com\/blog\/wp-json\/wp\/v2\/posts\/4113\/revisions\/4115"}],"wp:featuredmedia":[{"embeddable":true,"href":"https:\/\/www.fenrique.com\/blog\/wp-json\/wp\/v2\/media\/4114"}],"wp:attachment":[{"href":"https:\/\/www.fenrique.com\/blog\/wp-json\/wp\/v2\/media?parent=4113"}],"wp:term":[{"taxonomy":"category","embeddable":true,"href":"https:\/\/www.fenrique.com\/blog\/wp-json\/wp\/v2\/categories?post=4113"},{"taxonomy":"post_tag","embeddable":true,"href":"https:\/\/www.fenrique.com\/blog\/wp-json\/wp\/v2\/tags?post=4113"}],"curies":[{"name":"wp","href":"https:\/\/api.w.org\/{rel}","templated":true}]}}