{"id":4059,"date":"2014-06-04T16:55:25","date_gmt":"2014-06-04T14:55:25","guid":{"rendered":"http:\/\/www.fenrique.com\/blog\/?p=4059"},"modified":"2014-06-04T10:15:22","modified_gmt":"2014-06-04T08:15:22","slug":"la-fiesta-de-la-democracia","status":"publish","type":"post","link":"https:\/\/www.fenrique.com\/blog\/2014\/06\/04\/la-fiesta-de-la-democracia\/","title":{"rendered":"La Fiesta de la Democracia"},"content":{"rendered":"<p>Hace semana y pico tuvieron lugar las \u00faltimas elecciones en Espa\u00f1a, bueno&#8230; y en toda Europa, ya que fueron, como bien sab\u00e9is, las elecciones al parlamento europeo. Del resultado bien os hab\u00e9is enterado, quer\u00e1is o no, gracias al resultado, que si el fin del bipartidismo, que si el ascenso de los partidos \u00abeuroesc\u00e9pticos\u00bb, que si el avance de la extrema derecha en pa\u00edses europeos.<\/p>\n<p>En estos pa\u00edses no s\u00e9 c\u00f3mo ir\u00e1 la cosa para elegir a los representantes en las mesas electorales, pero aqu\u00ed en Espa\u00f1a, desde hace tiempo y, hasta que se vaya avanzando hacia el voto telem\u00e1tico y podamos votar desde casa sin tener que ir a ning\u00fan sitio, el sistema afecta a toda la poblaci\u00f3n con derecho al voto. Es decir, todos los votantes podemos formar parte de alguna de las mesas, bien como presidente, bien como vocal o incluso, como lo fui yo en una ocasi\u00f3n, como suplente.<\/p>\n<p>En los dos primeros, los que s\u00ed tienen que estar en la mesa, se cobra una peque\u00f1a remuneraci\u00f3n, unos 60 euros, creo, por estar desempe\u00f1ando la funci\u00f3n de contar quien va y quien no va a votar y si \u00e9ste lo hace de manera correcta y esto lo comprueban unos personajes, designados por los partidos pol\u00edticos, llamados \u00abapoderados\u00bb que, si no me equivoco, no cobran por esta funci\u00f3n.<\/p>\n<p>Estos d\u00edas, con motivo de dichas elecciones, he podido leer dos art\u00edculos &#8211; reportajes, de dos personas que estaban designadas para una mesa, cada una en una punta de Extremadura con casos muy diferentes. En el primero, una chica, en Herv\u00e1s, que alegaba su condici\u00f3n de objetora de conciencia, no creyente en el actual sistema democr\u00e1tico, que comunicaba, a los medios, que no iba a acudir a su mesa.<\/p>\n<p><a href=\"http:\/\/www.hoy.es\/extremadura\/201405\/22\/asumire-castigo-juez-imponga-20140522213832.html\" target=\"_blank\"><img loading=\"lazy\" decoding=\"async\" class=\"alignnone\" src=\"http:\/\/www.hoy.es\/noticias\/201405\/22\/media\/perrito.jpg\" alt=\"\" width=\"251\" height=\"327\" \/><\/a><\/p>\n<p>Por otro lado, un se\u00f1or de Monesterio, trabajador y que s\u00ed acudi\u00f3 a su mesa pero que, como protesta, ha donado los 60 euros que le corresponden, a una entidada ben\u00e9fica (Cruz Roja) en se\u00f1al de protesta y, como \u00e9l mismo dice,<\/p>\n<blockquote><p><span style=\"color: #333399;\"><em> \u00bb las mesas electorales deber\u00edan estar compuestas por \u00a0personas que se encuentren en situaci\u00f3n de desempleo, ya que yo hoy en d\u00eda por suerte dispongo de un trabajo y los fines de semana me gusta descansar y disfrutar con mi familia\u00bb<\/em><\/span><\/p><\/blockquote>\n<p><a href=\"http:\/\/www.hoymonesterio.es\/actualidad\/2014-06-04\/donan-euros-cruz-roja-senal-0732.html\" target=\"_blank\"><img loading=\"lazy\" decoding=\"async\" class=\"alignnone\" src=\"http:\/\/www.hoymonesterio.es\/archivos\/201406\/flo-y-domingo-300xXx80.jpg\" alt=\"\" width=\"300\" height=\"199\" \/><\/a><\/p>\n<p>Sinceramente, creo que deber\u00eda tener en consideraci\u00f3n la situaci\u00f3n laboral &#8211; econ\u00f3mica de las personas que participen en este tipo de \u00abactos\u00bb, m\u00e1s que sea una elecci\u00f3n \u00abal azar\u00bb. Est\u00e1 bien que cualquier persona, independientemente de su estado, condici\u00f3n, creencia o ideolog\u00eda, tenga que prestar su servicio, aunque sea de manera obligatoria, pero en situaciones como la actual (y siempre, porque nunca vamos a estar en pleno empleo) se deber\u00eda dar prioridad a quienes m\u00e1s lo necesiten.<br \/>\nUn buen ejemplo el de ambos.<\/p>\n","protected":false},"excerpt":{"rendered":"<p>Hace semana y pico tuvieron lugar las \u00faltimas elecciones en Espa\u00f1a, bueno&#8230; y en toda Europa, ya que fueron, como bien sab\u00e9is, las elecciones al parlamento europeo. Del resultado bien <a href=\"https:\/\/www.fenrique.com\/blog\/2014\/06\/04\/la-fiesta-de-la-democracia\/\" class=\"more-link\">[&hellip;]<\/a><\/p>\n","protected":false},"author":2,"featured_media":4060,"comment_status":"open","ping_status":"open","sticky":false,"template":"","format":"standard","meta":{"_exactmetrics_skip_tracking":false,"_exactmetrics_sitenote_active":false,"_exactmetrics_sitenote_note":"","_exactmetrics_sitenote_category":0,"Layout":"","jetpack_post_was_ever_published":false,"_jetpack_newsletter_access":"","_jetpack_dont_email_post_to_subs":false,"_jetpack_newsletter_tier_id":0,"_jetpack_memberships_contains_paywalled_content":false,"_jetpack_memberships_contains_paid_content":false,"footnotes":"","jetpack_publicize_message":"","jetpack_publicize_feature_enabled":true,"jetpack_social_post_already_shared":true,"jetpack_social_options":{"image_generator_settings":{"template":"highway","default_image_id":0,"font":"","enabled":false},"version":2}},"categories":[7,5],"tags":[372,4632,3276,4633],"class_list":["entry","author-fenrique","post-4059","post","type-post","status-publish","format-standard","has-post-thumbnail","category-fenrique-piensa-que","category-personal-y-transferible","tag-elecciones","tag-mesas-electorales","tag-presidente","tag-vocales"],"jetpack_publicize_connections":[],"jetpack_featured_media_url":"https:\/\/www.fenrique.com\/blog\/wp-content\/uploads\/2014\/06\/Elecciones-Europeas-2014.jpg","jetpack_shortlink":"https:\/\/wp.me\/p172Ei-13t","jetpack_likes_enabled":true,"jetpack_sharing_enabled":true,"_links":{"self":[{"href":"https:\/\/www.fenrique.com\/blog\/wp-json\/wp\/v2\/posts\/4059","targetHints":{"allow":["GET"]}}],"collection":[{"href":"https:\/\/www.fenrique.com\/blog\/wp-json\/wp\/v2\/posts"}],"about":[{"href":"https:\/\/www.fenrique.com\/blog\/wp-json\/wp\/v2\/types\/post"}],"author":[{"embeddable":true,"href":"https:\/\/www.fenrique.com\/blog\/wp-json\/wp\/v2\/users\/2"}],"replies":[{"embeddable":true,"href":"https:\/\/www.fenrique.com\/blog\/wp-json\/wp\/v2\/comments?post=4059"}],"version-history":[{"count":1,"href":"https:\/\/www.fenrique.com\/blog\/wp-json\/wp\/v2\/posts\/4059\/revisions"}],"predecessor-version":[{"id":4061,"href":"https:\/\/www.fenrique.com\/blog\/wp-json\/wp\/v2\/posts\/4059\/revisions\/4061"}],"wp:featuredmedia":[{"embeddable":true,"href":"https:\/\/www.fenrique.com\/blog\/wp-json\/wp\/v2\/media\/4060"}],"wp:attachment":[{"href":"https:\/\/www.fenrique.com\/blog\/wp-json\/wp\/v2\/media?parent=4059"}],"wp:term":[{"taxonomy":"category","embeddable":true,"href":"https:\/\/www.fenrique.com\/blog\/wp-json\/wp\/v2\/categories?post=4059"},{"taxonomy":"post_tag","embeddable":true,"href":"https:\/\/www.fenrique.com\/blog\/wp-json\/wp\/v2\/tags?post=4059"}],"curies":[{"name":"wp","href":"https:\/\/api.w.org\/{rel}","templated":true}]}}