{"id":404,"date":"2008-08-04T15:03:29","date_gmt":"2008-08-04T13:03:29","guid":{"rendered":"http:\/\/www.fenrique.com\/blog\/manolo-garcia-en-caceres-entradas-ya-a-la-venta\/"},"modified":"2008-08-04T10:13:16","modified_gmt":"2008-08-04T08:13:16","slug":"manolo-garcia-en-caceres-entradas-ya-a-la-venta","status":"publish","type":"post","link":"https:\/\/www.fenrique.com\/blog\/2008\/08\/04\/manolo-garcia-en-caceres-entradas-ya-a-la-venta\/","title":{"rendered":"Manolo Garcia en C\u00e1ceres: Entradas ya a la venta"},"content":{"rendered":"<p>La verdad es que ten\u00edan que darse mucha prisa y lo han hecho. La semana pasada se pusieron a la venta las entradas de Miguel Bos\u00e9 en C\u00e1ceres, que como sab\u00e9is (y si no lo sab\u00e9is, os lo digo) act\u00faa en el H\u00edpico el 18 de septiembre (bonita fecha).<\/p>\n<p>Entonces, imagino que mucha gente pillar\u00eda las entradas que primero se pusieran a la venta y que esa gente, que fuera a un concierto no ir\u00eda al otro. Por eso, casi inmediatamente se han puesto a la venta las entradas de Manolo Garc\u00eda, cuyo concierto es solamente 2 d\u00edas despues, el 20 de septiembre, en el mismo lugar, no s\u00e9 si a la misma hora\u00a0  \ud83d\ude09<\/p>\n<p>El caso es que ya se pueden comprar las entradas para ambos conciertos y, c\u00f3mo no, yo ya dispongo de mis entradas para ver a Manolo Garc\u00eda en la ciudad donde vivo.\u00a0 En principio ser\u00e1 mi tercer concierto, tras el inicio de gira en Granada y M\u00e9rida, aunque no descarto ir a alg\u00fan otro en agosto, aunque va a estar complicado. El cuarto ser\u00e1 en Madrid, el 25 de septiembre, para el que tambi\u00e9n tengo ya las entradas:<\/p>\n<p><img loading=\"lazy\" decoding=\"async\" src=\"http:\/\/farm4.static.flickr.com\/3093\/2725453107_ced896cca0.jpg\" alt=\"manolo garcia en caceres\" style=\"width: 500px; height: 375px\" height=\"375\" width=\"500\" \/><\/p>\n<p>Ah, y una novedad: el cartel para el concierto de C\u00e1ceres ha cambiado y se usa ya una imagen actual, no la de Manolo bajo la lluvia, que tiene ya casi 10 a\u00f1os. Es este (si te fijas bien, me ver\u00e1s):<\/p>\n<p><img loading=\"lazy\" decoding=\"async\" src=\"http:\/\/farm4.static.flickr.com\/3282\/2725453021_a96f9b6a3f.jpg\" alt=\"cartel manolo en caceres\" style=\"width: 355px; height: 500px\" height=\"500\" width=\"355\" \/><\/p>\n<p>Por cierto, los sitio para comprar las entradas: Caja de Extremadura, Tick Tack Ticket y Servicaixa (no s\u00e9 si se pondr\u00e1n a la venta en otros lugares, como bares o tiendas)<\/p>\n","protected":false},"excerpt":{"rendered":"<p>La verdad es que ten\u00edan que darse mucha prisa y lo han hecho. La semana pasada se pusieron a la venta las entradas de Miguel Bos\u00e9 en C\u00e1ceres, que como <a href=\"https:\/\/www.fenrique.com\/blog\/2008\/08\/04\/manolo-garcia-en-caceres-entradas-ya-a-la-venta\/\" class=\"more-link\">[&hellip;]<\/a><\/p>\n","protected":false},"author":2,"featured_media":0,"comment_status":"open","ping_status":"open","sticky":false,"template":"","format":"standard","meta":{"_exactmetrics_skip_tracking":false,"_exactmetrics_sitenote_active":false,"_exactmetrics_sitenote_note":"","_exactmetrics_sitenote_category":0,"Layout":"","jetpack_post_was_ever_published":false,"_jetpack_newsletter_access":"","_jetpack_dont_email_post_to_subs":false,"_jetpack_newsletter_tier_id":0,"_jetpack_memberships_contains_paywalled_content":false,"_jetpack_memberships_contains_paid_content":false,"footnotes":"","jetpack_publicize_message":"","jetpack_publicize_feature_enabled":true,"jetpack_social_post_already_shared":false,"jetpack_social_options":{"image_generator_settings":{"template":"highway","default_image_id":0,"font":"","enabled":false},"version":2}},"categories":[5],"tags":[1497,4742,709,1495,4745,1496,317,1499,1498,849],"class_list":["entry","author-fenrique","post-404","post","type-post","status-publish","format-standard","category-personal-y-transferible","tag-20-septiembre","tag-caceres","tag-entradas","tag-entradas-manolo-garcia-caceres","tag-manolo-garcia","tag-manolo-garcia-en-caceres","tag-miguel-bose","tag-papito","tag-reciento-hipico","tag-saldremos-a-la-lluvia"],"jetpack_publicize_connections":[],"jetpack_featured_media_url":"","jetpack_shortlink":"https:\/\/wp.me\/p172Ei-6w","jetpack_likes_enabled":true,"jetpack_sharing_enabled":true,"_links":{"self":[{"href":"https:\/\/www.fenrique.com\/blog\/wp-json\/wp\/v2\/posts\/404","targetHints":{"allow":["GET"]}}],"collection":[{"href":"https:\/\/www.fenrique.com\/blog\/wp-json\/wp\/v2\/posts"}],"about":[{"href":"https:\/\/www.fenrique.com\/blog\/wp-json\/wp\/v2\/types\/post"}],"author":[{"embeddable":true,"href":"https:\/\/www.fenrique.com\/blog\/wp-json\/wp\/v2\/users\/2"}],"replies":[{"embeddable":true,"href":"https:\/\/www.fenrique.com\/blog\/wp-json\/wp\/v2\/comments?post=404"}],"version-history":[{"count":0,"href":"https:\/\/www.fenrique.com\/blog\/wp-json\/wp\/v2\/posts\/404\/revisions"}],"wp:attachment":[{"href":"https:\/\/www.fenrique.com\/blog\/wp-json\/wp\/v2\/media?parent=404"}],"wp:term":[{"taxonomy":"category","embeddable":true,"href":"https:\/\/www.fenrique.com\/blog\/wp-json\/wp\/v2\/categories?post=404"},{"taxonomy":"post_tag","embeddable":true,"href":"https:\/\/www.fenrique.com\/blog\/wp-json\/wp\/v2\/tags?post=404"}],"curies":[{"name":"wp","href":"https:\/\/api.w.org\/{rel}","templated":true}]}}