{"id":3801,"date":"2013-04-10T14:57:35","date_gmt":"2013-04-10T12:57:35","guid":{"rendered":"http:\/\/www.fenrique.com\/blog\/?p=3801"},"modified":"2013-04-10T10:07:11","modified_gmt":"2013-04-10T08:07:11","slug":"la-otra-cara-de-la-paris-roubaix","status":"publish","type":"post","link":"https:\/\/www.fenrique.com\/blog\/2013\/04\/10\/la-otra-cara-de-la-paris-roubaix\/","title":{"rendered":"La otra cara de la Paris Roubaix"},"content":{"rendered":"<p>Hace unos a\u00f1os, <a href=\"http:\/\/www.fenrique.com\/blog\/2009\/07\/16\/el-otro-tour\/\">en 2009, durante la celebraci\u00f3n del Tour de Francia, me llam\u00f3 la atenci\u00f3n la historia de varios ciclistas que luchaban, no por ganar la carrera, sino por llegar dentro del control<\/a> (Un porcentaje superior al vencedor de esa etapa).<\/p>\n<p>Hoy ha llegado a mi timeline de twitter la historia de esos corredores que no consiguen llegar al vel\u00f3dromo de Roubaix, en la pasada edici\u00f3n de la carrera que un\u00eda Par\u00eds (Compiegne) con esa localidad, el domingo, 7 de abril.<\/p>\n<p>Echad un vistazo, porque merece la pena. El verdadero infierno del norte:<\/p>\n<object type=\"application\/x-shockwave-flash\" data=\"http:\/\/www.youtube.com\/v\/Q0_tiO8Pp9o\" width=\"450\" height=\"370\"><param name=\"movie\" value=\"http:\/\/www.youtube.com\/v\/Q0_tiO8Pp9o\" \/><param name=\"autostart\" value=\"true\" \/><param name=\"wmode\" value=\"transparent\" \/><\/object><br \/>\n<!-- generated by WordPress plugin Embedded Video -->\n\n<p>Por cierto, el dorsal n\u00famero 13, del Europcar, es Jerome Cousin<\/p>\n<p><a href=\"http:\/\/www.biciciclismo.com\/cas\/site\/noticias-ficha.asp?id=60847\" target=\"_blank\">Estos son los dorsales oficiales de esa edici\u00f3n de la Paris Roubaix<\/a><\/p>\n<p>Si quieres leer mi cr\u00f3nica, sobre la carrera, en <a href=\"http:\/\/elcontragolpe.net\/2013\/04\/ciclismo-domingo-de-clasicas-en-el-norte\/\" target=\"_blank\">El Contragolpe, entra aqu\u00ed \u00abDomingo de cl\u00e1sicas en el Norte\u00bb<\/a><\/p>\n<p>&nbsp;<\/p>\n","protected":false},"excerpt":{"rendered":"<p>Hace unos a\u00f1os, en 2009, durante la celebraci\u00f3n del Tour de Francia, me llam\u00f3 la atenci\u00f3n la historia de varios ciclistas que luchaban, no por ganar la carrera, sino por <a href=\"https:\/\/www.fenrique.com\/blog\/2013\/04\/10\/la-otra-cara-de-la-paris-roubaix\/\" class=\"more-link\">[&hellip;]<\/a><\/p>\n","protected":false},"author":2,"featured_media":0,"comment_status":"open","ping_status":"open","sticky":false,"template":"","format":"standard","meta":{"_exactmetrics_skip_tracking":false,"_exactmetrics_sitenote_active":false,"_exactmetrics_sitenote_note":"","_exactmetrics_sitenote_category":0,"Layout":"","jetpack_post_was_ever_published":false,"_jetpack_newsletter_access":"","_jetpack_dont_email_post_to_subs":false,"_jetpack_newsletter_tier_id":0,"_jetpack_memberships_contains_paywalled_content":false,"_jetpack_memberships_contains_paid_content":false,"footnotes":"","jetpack_publicize_message":"","jetpack_publicize_feature_enabled":true,"jetpack_social_post_already_shared":true,"jetpack_social_options":{"image_generator_settings":{"template":"highway","default_image_id":0,"font":"","enabled":false},"version":2}},"categories":[7,31,2422],"tags":[4529,4531,4526,4532,4527,4525,4528,4524,4530],"class_list":["entry","author-fenrique","post-3801","post","type-post","status-publish","format-standard","category-fenrique-piensa-que","category-haciendo-deporte","category-videoteca","tag-adoquin","tag-cancellara","tag-hell","tag-jerome-cousin","tag-north","tag-paris","tag-pave","tag-roubaix","tag-stones"],"jetpack_publicize_connections":[],"jetpack_featured_media_url":"","jetpack_shortlink":"https:\/\/wp.me\/p172Ei-Zj","jetpack_likes_enabled":true,"jetpack_sharing_enabled":true,"_links":{"self":[{"href":"https:\/\/www.fenrique.com\/blog\/wp-json\/wp\/v2\/posts\/3801","targetHints":{"allow":["GET"]}}],"collection":[{"href":"https:\/\/www.fenrique.com\/blog\/wp-json\/wp\/v2\/posts"}],"about":[{"href":"https:\/\/www.fenrique.com\/blog\/wp-json\/wp\/v2\/types\/post"}],"author":[{"embeddable":true,"href":"https:\/\/www.fenrique.com\/blog\/wp-json\/wp\/v2\/users\/2"}],"replies":[{"embeddable":true,"href":"https:\/\/www.fenrique.com\/blog\/wp-json\/wp\/v2\/comments?post=3801"}],"version-history":[{"count":3,"href":"https:\/\/www.fenrique.com\/blog\/wp-json\/wp\/v2\/posts\/3801\/revisions"}],"predecessor-version":[{"id":3803,"href":"https:\/\/www.fenrique.com\/blog\/wp-json\/wp\/v2\/posts\/3801\/revisions\/3803"}],"wp:attachment":[{"href":"https:\/\/www.fenrique.com\/blog\/wp-json\/wp\/v2\/media?parent=3801"}],"wp:term":[{"taxonomy":"category","embeddable":true,"href":"https:\/\/www.fenrique.com\/blog\/wp-json\/wp\/v2\/categories?post=3801"},{"taxonomy":"post_tag","embeddable":true,"href":"https:\/\/www.fenrique.com\/blog\/wp-json\/wp\/v2\/tags?post=3801"}],"curies":[{"name":"wp","href":"https:\/\/api.w.org\/{rel}","templated":true}]}}