{"id":3758,"date":"2013-02-20T21:18:22","date_gmt":"2013-02-20T20:18:22","guid":{"rendered":"http:\/\/www.fenrique.com\/blog\/?p=3758"},"modified":"2013-02-20T20:22:10","modified_gmt":"2013-02-20T19:22:10","slug":"como-pedir-la-cita-previa-para-pasar-la-itv-en-extremadura","status":"publish","type":"post","link":"https:\/\/www.fenrique.com\/blog\/2013\/02\/20\/como-pedir-la-cita-previa-para-pasar-la-itv-en-extremadura\/","title":{"rendered":"C\u00f3mo pedir la cita previa para pasar la ITV en Extremadura"},"content":{"rendered":"<p>Vaya, c\u00f3mo pasa el tiempo. Ya hace dos a\u00f1os que pas\u00e9 la revisi\u00f3n del coche, la <strong>ITV (Inspecci\u00f3n T\u00e9cnica de Veh\u00edculos<\/strong>) y me toca, de nuevo.<\/p>\n<p>Pero en esta ocasi\u00f3n es mucho m\u00e1s f\u00e1cil que la \u00faltima vez, sobre todo, gracias a la opci\u00f3n de poder solicitar la cita previa mediante internet.<\/p>\n<p>Para ello, debemos acceder desde nuestro navegador, a la web<\/p>\n<blockquote><p><a href=\"http:\/\/citapreviaitv.gobex.es\" target=\"_blank\">http:\/\/citapreviaitv.gobex.es<\/a><\/p><\/blockquote>\n<p>Una vez dentro, buscaremos, en el men\u00fa de la izquierda, la localidad en la que queremos pasar dicha revisi\u00f3n y, al hacer click, se nos abrir\u00e1 un formulario, con datos muy sencillos: Matr\u00edcula del veh\u00edculo, nombre del titular (imagino que valdr\u00e1, igualmente, el nombre de la persona que vaya a llevar el veh\u00edculo), tel\u00e9fono y correo electr\u00f3nico (si se tiene)<\/p>\n<p><img loading=\"lazy\" decoding=\"async\" data-attachment-id=\"3759\" data-permalink=\"https:\/\/www.fenrique.com\/blog\/2013\/02\/20\/como-pedir-la-cita-previa-para-pasar-la-itv-en-extremadura\/itvcaceres\/\" data-orig-file=\"https:\/\/www.fenrique.com\/blog\/wp-content\/uploads\/2013\/02\/itvcaceres.png\" data-orig-size=\"983,462\" data-comments-opened=\"1\" data-image-meta=\"{&quot;aperture&quot;:&quot;0&quot;,&quot;credit&quot;:&quot;&quot;,&quot;camera&quot;:&quot;&quot;,&quot;caption&quot;:&quot;&quot;,&quot;created_timestamp&quot;:&quot;0&quot;,&quot;copyright&quot;:&quot;&quot;,&quot;focal_length&quot;:&quot;0&quot;,&quot;iso&quot;:&quot;0&quot;,&quot;shutter_speed&quot;:&quot;0&quot;,&quot;title&quot;:&quot;&quot;}\" data-image-title=\"itvcaceres\" data-image-description=\"\" data-image-caption=\"\" data-medium-file=\"https:\/\/www.fenrique.com\/blog\/wp-content\/uploads\/2013\/02\/itvcaceres-300x140.png\" data-large-file=\"https:\/\/www.fenrique.com\/blog\/wp-content\/uploads\/2013\/02\/itvcaceres-550x258.png\" class=\"alignnone size-large wp-image-3759\" src=\"http:\/\/www.fenrique.com\/blog\/wp-content\/uploads\/2013\/02\/itvcaceres-550x258.png\" alt=\"itvcaceres\" width=\"550\" height=\"258\" srcset=\"https:\/\/www.fenrique.com\/blog\/wp-content\/uploads\/2013\/02\/itvcaceres-550x258.png 550w, https:\/\/www.fenrique.com\/blog\/wp-content\/uploads\/2013\/02\/itvcaceres-300x140.png 300w, https:\/\/www.fenrique.com\/blog\/wp-content\/uploads\/2013\/02\/itvcaceres-500x234.png 500w, https:\/\/www.fenrique.com\/blog\/wp-content\/uploads\/2013\/02\/itvcaceres.png 983w\" sizes=\"auto, (max-width: 550px) 100vw, 550px\" \/><\/p>\n<p>No sale en la imagen anterior, pero debajo del formulario se muestra un mapa con la localizaci\u00f3n exacta del taller donde se debe pasar la Inspecci\u00f3n.<\/p>\n<p>El siguiente paso, despu\u00e9s de hacer click en el bot\u00f3n \u00abSeleccionar fecha\u00bb, es elegir la fecha en la que queremos, o podemos, llevar el coche. Nos mostrar\u00e1 un calendario, con fechas en colores y, a la izquierda, otro cuadro con distintas horas y el primer d\u00eda en el que cada hora est\u00e9 libre (Negro, Libre; Verde, Ocupaci\u00f3n Parcial; Amarillo, Ocupaci\u00f3n Alta; Rojo, Ocupaci\u00f3n Total y No disponible)<\/p>\n<p>Una vez elegida la hora, te muestra un documento con los datos de la cita previa, firmada por el Jefe de Servicio de la ITV, con sello y todo, haci\u00e9ndonos el recordatorio de pago de la Tasa correspondiente que, en el caso de un veh\u00edculo \u00abturismo o furgoneta\u00bb es de 29,27\u20ac. Le damos a imprimir y lo podemos usar como resguardo, en caso de que nos lo solicite alg\u00fan agente de la autoridad (Guardia Civil, Polic\u00eda&#8230;).<\/p>\n<p><a href=\"http:\/\/www.fenrique.com\/blog\/wp-content\/uploads\/2013\/02\/citaprevia-itv.png\"><img loading=\"lazy\" decoding=\"async\" data-attachment-id=\"3761\" data-permalink=\"https:\/\/www.fenrique.com\/blog\/2013\/02\/20\/como-pedir-la-cita-previa-para-pasar-la-itv-en-extremadura\/citaprevia-itv\/\" data-orig-file=\"https:\/\/www.fenrique.com\/blog\/wp-content\/uploads\/2013\/02\/citaprevia-itv.png\" data-orig-size=\"710,843\" data-comments-opened=\"1\" data-image-meta=\"{&quot;aperture&quot;:&quot;0&quot;,&quot;credit&quot;:&quot;&quot;,&quot;camera&quot;:&quot;&quot;,&quot;caption&quot;:&quot;&quot;,&quot;created_timestamp&quot;:&quot;0&quot;,&quot;copyright&quot;:&quot;&quot;,&quot;focal_length&quot;:&quot;0&quot;,&quot;iso&quot;:&quot;0&quot;,&quot;shutter_speed&quot;:&quot;0&quot;,&quot;title&quot;:&quot;&quot;}\" data-image-title=\"citaprevia itv\" data-image-description=\"\" data-image-caption=\"\" data-medium-file=\"https:\/\/www.fenrique.com\/blog\/wp-content\/uploads\/2013\/02\/citaprevia-itv-252x300.png\" data-large-file=\"https:\/\/www.fenrique.com\/blog\/wp-content\/uploads\/2013\/02\/citaprevia-itv-550x653.png\" class=\"alignnone size-medium wp-image-3761\" src=\"http:\/\/www.fenrique.com\/blog\/wp-content\/uploads\/2013\/02\/citaprevia-itv-252x300.png\" alt=\"citaprevia itv\" width=\"252\" height=\"300\" srcset=\"https:\/\/www.fenrique.com\/blog\/wp-content\/uploads\/2013\/02\/citaprevia-itv-252x300.png 252w, https:\/\/www.fenrique.com\/blog\/wp-content\/uploads\/2013\/02\/citaprevia-itv-550x653.png 550w, https:\/\/www.fenrique.com\/blog\/wp-content\/uploads\/2013\/02\/citaprevia-itv.png 710w\" sizes=\"auto, (max-width: 252px) 100vw, 252px\" \/><\/a><\/p>\n<p>Si no se te da bien la inform\u00e1tica y eres de los que prefieren el tel\u00e9fono, el n\u00famero al que debes llamar, para hacer la cita previa, es el <strong>902 48 80 00<\/strong> que, con una visita r\u00e1pida al <a href=\"http:\/\/wiki.nmn900.net\/902488000\" target=\"_blank\">Wiki \u00bb No m\u00e1s 900&#8243;<\/a> corresponde con el n\u00famero <strong>927 622 011<\/strong><\/p>\n","protected":false},"excerpt":{"rendered":"<p>Vaya, c\u00f3mo pasa el tiempo. Ya hace dos a\u00f1os que pas\u00e9 la revisi\u00f3n del coche, la ITV (Inspecci\u00f3n T\u00e9cnica de Veh\u00edculos) y me toca, de nuevo. Pero en esta ocasi\u00f3n <a href=\"https:\/\/www.fenrique.com\/blog\/2013\/02\/20\/como-pedir-la-cita-previa-para-pasar-la-itv-en-extremadura\/\" class=\"more-link\">[&hellip;]<\/a><\/p>\n","protected":false},"author":2,"featured_media":0,"comment_status":"open","ping_status":"open","sticky":false,"template":"","format":"standard","meta":{"_exactmetrics_skip_tracking":false,"_exactmetrics_sitenote_active":false,"_exactmetrics_sitenote_note":"","_exactmetrics_sitenote_category":0,"Layout":"","jetpack_post_was_ever_published":false,"_jetpack_newsletter_access":"","_jetpack_dont_email_post_to_subs":false,"_jetpack_newsletter_tier_id":0,"_jetpack_memberships_contains_paywalled_content":false,"_jetpack_memberships_contains_paid_content":false,"footnotes":"","jetpack_publicize_message":"","jetpack_publicize_feature_enabled":true,"jetpack_social_post_already_shared":true,"jetpack_social_options":{"image_generator_settings":{"template":"highway","default_image_id":0,"font":"","enabled":false},"version":2}},"categories":[2,7,5],"tags":[36,4742,4502,35,4503,4504],"class_list":["entry","author-fenrique","post-3758","post","type-post","status-publish","format-standard","category-como-se-hace","category-fenrique-piensa-que","category-personal-y-transferible","tag-badajoz","tag-caceres","tag-cita-previa","tag-extremadura","tag-itv","tag-zafra"],"jetpack_publicize_connections":[],"jetpack_featured_media_url":"","jetpack_shortlink":"https:\/\/wp.me\/p172Ei-YC","jetpack_likes_enabled":true,"jetpack_sharing_enabled":true,"_links":{"self":[{"href":"https:\/\/www.fenrique.com\/blog\/wp-json\/wp\/v2\/posts\/3758","targetHints":{"allow":["GET"]}}],"collection":[{"href":"https:\/\/www.fenrique.com\/blog\/wp-json\/wp\/v2\/posts"}],"about":[{"href":"https:\/\/www.fenrique.com\/blog\/wp-json\/wp\/v2\/types\/post"}],"author":[{"embeddable":true,"href":"https:\/\/www.fenrique.com\/blog\/wp-json\/wp\/v2\/users\/2"}],"replies":[{"embeddable":true,"href":"https:\/\/www.fenrique.com\/blog\/wp-json\/wp\/v2\/comments?post=3758"}],"version-history":[{"count":3,"href":"https:\/\/www.fenrique.com\/blog\/wp-json\/wp\/v2\/posts\/3758\/revisions"}],"predecessor-version":[{"id":3763,"href":"https:\/\/www.fenrique.com\/blog\/wp-json\/wp\/v2\/posts\/3758\/revisions\/3763"}],"wp:attachment":[{"href":"https:\/\/www.fenrique.com\/blog\/wp-json\/wp\/v2\/media?parent=3758"}],"wp:term":[{"taxonomy":"category","embeddable":true,"href":"https:\/\/www.fenrique.com\/blog\/wp-json\/wp\/v2\/categories?post=3758"},{"taxonomy":"post_tag","embeddable":true,"href":"https:\/\/www.fenrique.com\/blog\/wp-json\/wp\/v2\/tags?post=3758"}],"curies":[{"name":"wp","href":"https:\/\/api.w.org\/{rel}","templated":true}]}}