{"id":3729,"date":"2013-01-31T14:11:30","date_gmt":"2013-01-31T13:11:30","guid":{"rendered":"http:\/\/www.fenrique.com\/blog\/?p=3729"},"modified":"2013-01-31T14:11:30","modified_gmt":"2013-01-31T13:11:30","slug":"fotos-del-campeonato-de-extremadura-de-cross","status":"publish","type":"post","link":"https:\/\/www.fenrique.com\/blog\/2013\/01\/31\/fotos-del-campeonato-de-extremadura-de-cross\/","title":{"rendered":"Fotos del Campeonato de Extremadura de Cross"},"content":{"rendered":"<p>El pasado domingo, 27 de enero, estuve viendo las carreras del campeonato de Extremadura de Campo a trav\u00e9s, que este a\u00f1o ten\u00eda lugar en el bell\u00edsimo espacio del Circo Romano de M\u00e9rida.<\/p>\n<p>Adem\u00e1s de saludar a viejos (y nuevos) amigos, tuve la oportunidad de realizar algunas fotos, las cuales (la mayor\u00eda) os muestro, aqu\u00ed algunas y, haciendo click en cualquiera, en la galer\u00eda de flickr. Espero que os gusten.<\/p>\n<p><a title=\"flickr cto cross\" href=\"http:\/\/www.flickr.com\/photos\/fenrique\/sets\/72157632629861585\/\"><img loading=\"lazy\" decoding=\"async\" class=\"alignnone\" src=\"http:\/\/farm9.staticflickr.com\/8211\/8422709331_774a9e1494.jpg\" alt=\"\" width=\"500\" height=\"334\" \/><\/a><\/p>\n<p><a title=\"flickr cto cross\" href=\"http:\/\/www.flickr.com\/photos\/fenrique\/sets\/72157632629861585\/\"><img loading=\"lazy\" decoding=\"async\" class=\"alignnone\" src=\"http:\/\/farm9.staticflickr.com\/8193\/8423852854_7f3db186b8.jpg\" alt=\"\" width=\"500\" height=\"334\" \/><\/a><\/p>\n<p>Si quieres m\u00e1s informaci\u00f3n acerca del campeonato y muchas m\u00e1s fotos, visita la web <a href=\"http:\/\/atletismoextremadura.es\/\" target=\"_blank\">Atletismo Extremadura<\/a><\/p>\n","protected":false},"excerpt":{"rendered":"<p>El pasado domingo, 27 de enero, estuve viendo las carreras del campeonato de Extremadura de Campo a trav\u00e9s, que este a\u00f1o ten\u00eda lugar en el bell\u00edsimo espacio del Circo Romano <a href=\"https:\/\/www.fenrique.com\/blog\/2013\/01\/31\/fotos-del-campeonato-de-extremadura-de-cross\/\" class=\"more-link\">[&hellip;]<\/a><\/p>\n","protected":false},"author":2,"featured_media":0,"comment_status":"open","ping_status":"open","sticky":false,"template":"","format":"standard","meta":{"_exactmetrics_skip_tracking":false,"_exactmetrics_sitenote_active":false,"_exactmetrics_sitenote_note":"","_exactmetrics_sitenote_category":0,"Layout":"","jetpack_post_was_ever_published":false,"_jetpack_newsletter_access":"","_jetpack_dont_email_post_to_subs":false,"_jetpack_newsletter_tier_id":0,"_jetpack_memberships_contains_paywalled_content":false,"_jetpack_memberships_contains_paid_content":false,"footnotes":"","jetpack_publicize_message":"","jetpack_publicize_feature_enabled":true,"jetpack_social_post_already_shared":true,"jetpack_social_options":{"image_generator_settings":{"template":"highway","default_image_id":0,"font":"","enabled":false},"version":2}},"categories":[3,31,5],"tags":[4451,103,4474,4476,4477,4475,35,1053,231],"class_list":["entry","author-fenrique","post-3729","post","type-post","status-publish","format-standard","category-expofoto","category-haciendo-deporte","category-personal-y-transferible","tag-4451","tag-atletismo","tag-campeonato","tag-campo-a-traves","tag-circo-romano","tag-cross","tag-extremadura","tag-fotos","tag-merida"],"jetpack_publicize_connections":[],"jetpack_featured_media_url":"","jetpack_shortlink":"https:\/\/wp.me\/p172Ei-Y9","jetpack_likes_enabled":true,"jetpack_sharing_enabled":true,"_links":{"self":[{"href":"https:\/\/www.fenrique.com\/blog\/wp-json\/wp\/v2\/posts\/3729","targetHints":{"allow":["GET"]}}],"collection":[{"href":"https:\/\/www.fenrique.com\/blog\/wp-json\/wp\/v2\/posts"}],"about":[{"href":"https:\/\/www.fenrique.com\/blog\/wp-json\/wp\/v2\/types\/post"}],"author":[{"embeddable":true,"href":"https:\/\/www.fenrique.com\/blog\/wp-json\/wp\/v2\/users\/2"}],"replies":[{"embeddable":true,"href":"https:\/\/www.fenrique.com\/blog\/wp-json\/wp\/v2\/comments?post=3729"}],"version-history":[{"count":2,"href":"https:\/\/www.fenrique.com\/blog\/wp-json\/wp\/v2\/posts\/3729\/revisions"}],"predecessor-version":[{"id":3731,"href":"https:\/\/www.fenrique.com\/blog\/wp-json\/wp\/v2\/posts\/3729\/revisions\/3731"}],"wp:attachment":[{"href":"https:\/\/www.fenrique.com\/blog\/wp-json\/wp\/v2\/media?parent=3729"}],"wp:term":[{"taxonomy":"category","embeddable":true,"href":"https:\/\/www.fenrique.com\/blog\/wp-json\/wp\/v2\/categories?post=3729"},{"taxonomy":"post_tag","embeddable":true,"href":"https:\/\/www.fenrique.com\/blog\/wp-json\/wp\/v2\/tags?post=3729"}],"curies":[{"name":"wp","href":"https:\/\/api.w.org\/{rel}","templated":true}]}}