{"id":3696,"date":"2012-12-28T11:37:22","date_gmt":"2012-12-28T10:37:22","guid":{"rendered":"http:\/\/www.fenrique.com\/blog\/?p=3696"},"modified":"2012-12-28T11:38:31","modified_gmt":"2012-12-28T10:38:31","slug":"mi-primera-media-maraton-ii-media-maraton-pablo-villalobos-33","status":"publish","type":"post","link":"https:\/\/www.fenrique.com\/blog\/2012\/12\/28\/mi-primera-media-maraton-ii-media-maraton-pablo-villalobos-33\/","title":{"rendered":"Mi primera Media Marat\u00f3n. II Media Marat\u00f3n Pablo Villalobos (3\/3)"},"content":{"rendered":"<p>Como dec\u00eda, lleg\u00f3 la hora de levantarse y ver c\u00f3mo estaban mis pies, que por suerte, no me dol\u00edan nada, o casi nada, con lo que decid\u00ed ir a Almendralejo.<\/p>\n<p>Pero surgi\u00f3 otro problema, la lluvia. Desayun\u00e9, mis cereales con yogur l\u00edquido, tostadas, algo de fruta y siempre mirando por la ventana, como arreciaba uno de los temporales m\u00e1s fuertes que he visto.<\/p>\n<p>A\u00fan as\u00ed me met\u00ed en el coche y para Almendralejo, no sin seguir viendo c\u00f3mo, por el camino, ca\u00eda un aut\u00e9ntico temporal.<\/p>\n<p>Pero eso ya no era nada, hab\u00eda estado casi dos meses preparando ese d\u00eda, mi entrenador hab\u00eda preparado un buen planning, y yo ten\u00eda m\u00e1s ganas que nadie, as\u00ed que, si no se suspend\u00eda la prueba, yo la iba a correr.<\/p>\n<p>Llego a la zona de recogida de dorsales, saludo a viejos amigos, al propio Pablo Villalobos, que me segu\u00eda diciendo que si no me ve\u00eda para correr, que hiciera la prueba de 10.000, recojo mi material y vuelvo al coche para terminar de prepararme: Dorsal en la camiseta, mallas, sobres de gel en el bolsillito y a calentar un poco&#8230; Demasiado poco dir\u00eda yo.<\/p>\n<p>Ya en l\u00ednea de salida, el inicio se retrasa un poco, por lo que decido trotar un poco m\u00e1s, calle Real arriba y vuelta, para dar la salida inmediatamente.<\/p>\n<figure style=\"width: 500px\" class=\"wp-caption alignnone\"><img loading=\"lazy\" decoding=\"async\" src=\"https:\/\/lh6.googleusercontent.com\/-43MjrtDJNx8\/UJe3aPl6gDI\/AAAAAAAAAtk\/udztfx4GDIU\/s640\/4.JPG\" alt=\"\" width=\"500\" height=\"436\" \/><figcaption class=\"wp-caption-text\">Salida de la Media Maraton<\/figcaption><\/figure>\n<p>Como hab\u00eda calentado poco, decido salir despacito, que a\u00fan queda mucho, pero cuando no se llevaba ni un solo kil\u00f3metro, despu\u00e9s de ir un poco crecido por no notar dolor en las plantas de los pies, en la salida a la carretera, me dio un fuerte pinchazo en el gemelo derecho. No me lo puedo creer. He tenido multitud de problemas f\u00edsicos en la preparaci\u00f3n y ahora me da una contractura o rotura de fibras&#8230;<\/p>\n<p>Pero claro, sigo adelante, a ver si se va la molestia. El dolor se calma un poco y me permite correr con cierta tranquilidad. Intento coger un grupito que me lleve a buen ritmo, sin pasarme. Lo pasaba un poco mal en los cambios de sentido, giros de 360\u00ba, pero sin llegar a ser preocupante<\/p>\n<p>En la primera vuelta veo, entre el p\u00fablico, a un antiguo compa\u00f1ero de instituto, Juan Carlos, que hac\u00eda a\u00f1os! que no ve\u00eda. Al parecer hab\u00eda ido a ver a un hermano, que tambi\u00e9n corr\u00eda. Por supuesto, par\u00e9 un segundo a saludarle.<\/p>\n<p>El ritmo que llevaba era bastante c\u00f3modo, aunque r\u00e1pido, m\u00e1s de lo que cre\u00eda que pod\u00eda soportar, por lo que decido descolgarme de ese grupo en el que iba. Como llevaba el gps, pod\u00eda ver la velocidad, la distancia, etc, comprobando todos los par\u00e1metros para no pasarme.<\/p>\n<p>Calcul\u00e9 unos 5 minutos por kil\u00f3metro, es decir, un tiempo final de, aproximadamente, 1 hora y 45 minutos, para hacer la carrera con garant\u00edas de terminar sin problemas, pero en el grupito iba a unos 4:30, as\u00ed que, como digo, relaj\u00e9, hasta 4:45 y que pasaran los kil\u00f3metros, aunque en algunos el ritmo se me iba, quiz\u00e1 por la molestia o por ser un poco conservador, a 5min o un poco por encima.<\/p>\n<p><img loading=\"lazy\" decoding=\"async\" class=\"alignnone\" src=\"https:\/\/lh4.googleusercontent.com\/-6gk8YGKB40E\/UJpxYtUXIlI\/AAAAAAAAA3s\/_NL262eHS8o\/s640\/fotos%2520035.jpg\" alt=\"\" width=\"500\" height=\"377\" \/><\/p>\n<p>Cuando estaba ya en la parte final, en los \u00faltimos 5-6, me volvi\u00f3 a dar otro fuerte pinchazo que me hizo parar un momento, para estirar y relajarme, para salir de nuevo, ya con m\u00e1s fuerza y sabiendo que lo m\u00e1s dif\u00edcil estaba ya hecho.<\/p>\n<p>A partir de ah\u00ed, empec\u00e9 a correr con m\u00e1s confianza, con m\u00e1s soltura y, por tanto, con m\u00e1s ritmo, alcanzando a algunos participantes, y pudiendo terminar el \u00faltimo kilometro casi esprintando y con mucha fuerza, con un tiempo total de 1h39m55s<\/p>\n<p>Aunque al final me tuvieron que atender los m\u00e9dicos de la organizaci\u00f3n, esta carrera me ha dado mucha confianza para realizar carreras de fondo, a pie, para el futuro, y que, preparandolas bien, y si no tengo tantos problemas f\u00edsicos, podr\u00eda mejorar en mucho la marca de esta Media Maraton.<\/p>\n<p>Fotos extra\u00eddas de la <a href=\"http:\/\/mediamaratonalmendralejo.blogspot.com.es\" target=\"_blank\">web oficial <\/a><\/p>\n","protected":false},"excerpt":{"rendered":"<p>Como dec\u00eda, lleg\u00f3 la hora de levantarse y ver c\u00f3mo estaban mis pies, que por suerte, no me dol\u00edan nada, o casi nada, con lo que decid\u00ed ir a Almendralejo. <a href=\"https:\/\/www.fenrique.com\/blog\/2012\/12\/28\/mi-primera-media-maraton-ii-media-maraton-pablo-villalobos-33\/\" class=\"more-link\">[&hellip;]<\/a><\/p>\n","protected":false},"author":2,"featured_media":0,"comment_status":"open","ping_status":"open","sticky":false,"template":"","format":"standard","meta":{"_exactmetrics_skip_tracking":false,"_exactmetrics_sitenote_active":false,"_exactmetrics_sitenote_note":"","_exactmetrics_sitenote_category":0,"Layout":"","jetpack_post_was_ever_published":false,"_jetpack_newsletter_access":"","_jetpack_dont_email_post_to_subs":false,"_jetpack_newsletter_tier_id":0,"_jetpack_memberships_contains_paywalled_content":false,"_jetpack_memberships_contains_paid_content":false,"footnotes":"","jetpack_publicize_message":"","jetpack_publicize_feature_enabled":true,"jetpack_social_post_already_shared":true,"jetpack_social_options":{"image_generator_settings":{"template":"highway","default_image_id":0,"font":"","enabled":false},"version":2}},"categories":[31,5,6],"tags":[4299,650,3006,4435,4450,4436],"class_list":["entry","author-fenrique","post-3696","post","type-post","status-publish","format-standard","category-haciendo-deporte","category-personal-y-transferible","category-yo-y-mi-ego","tag-4299","tag-almendralejo","tag-carrera","tag-media-maraton","tag-noviembre","tag-pablo-villalobos"],"jetpack_publicize_connections":[],"jetpack_featured_media_url":"","jetpack_shortlink":"https:\/\/wp.me\/p172Ei-XC","jetpack_likes_enabled":true,"jetpack_sharing_enabled":true,"_links":{"self":[{"href":"https:\/\/www.fenrique.com\/blog\/wp-json\/wp\/v2\/posts\/3696","targetHints":{"allow":["GET"]}}],"collection":[{"href":"https:\/\/www.fenrique.com\/blog\/wp-json\/wp\/v2\/posts"}],"about":[{"href":"https:\/\/www.fenrique.com\/blog\/wp-json\/wp\/v2\/types\/post"}],"author":[{"embeddable":true,"href":"https:\/\/www.fenrique.com\/blog\/wp-json\/wp\/v2\/users\/2"}],"replies":[{"embeddable":true,"href":"https:\/\/www.fenrique.com\/blog\/wp-json\/wp\/v2\/comments?post=3696"}],"version-history":[{"count":2,"href":"https:\/\/www.fenrique.com\/blog\/wp-json\/wp\/v2\/posts\/3696\/revisions"}],"predecessor-version":[{"id":3704,"href":"https:\/\/www.fenrique.com\/blog\/wp-json\/wp\/v2\/posts\/3696\/revisions\/3704"}],"wp:attachment":[{"href":"https:\/\/www.fenrique.com\/blog\/wp-json\/wp\/v2\/media?parent=3696"}],"wp:term":[{"taxonomy":"category","embeddable":true,"href":"https:\/\/www.fenrique.com\/blog\/wp-json\/wp\/v2\/categories?post=3696"},{"taxonomy":"post_tag","embeddable":true,"href":"https:\/\/www.fenrique.com\/blog\/wp-json\/wp\/v2\/tags?post=3696"}],"curies":[{"name":"wp","href":"https:\/\/api.w.org\/{rel}","templated":true}]}}