{"id":3656,"date":"2012-10-16T19:34:57","date_gmt":"2012-10-16T17:34:57","guid":{"rendered":"http:\/\/www.fenrique.com\/blog\/?p=3656"},"modified":"2012-10-16T19:34:57","modified_gmt":"2012-10-16T17:34:57","slug":"triana-en-el-lago","status":"publish","type":"post","link":"https:\/\/www.fenrique.com\/blog\/2012\/10\/16\/triana-en-el-lago\/","title":{"rendered":"Triana &#8211; En el lago"},"content":{"rendered":"<p>No es finde, no es lunes, pero hoy me apetece compartir con vosotros una de las canciones m\u00e1s m\u00edticas de la m\u00fasica espa\u00f1ola.<\/p>\n<p>Me ha saltado esta ma\u00f1ana en el \u00abrandom\u00bb mientras me duchaba y he pensado que hoy es un buen d\u00eda, como otro cualquiera, la verdad, para escucharla. Ahora otra vez.<\/p>\n<p>La canci\u00f3n es En el Lago, de <a href=\"http:\/\/es.wikipedia.org\/wiki\/Triana_%28banda%29\" target=\"_blank\">Triana<\/a>. El v\u00eddeo es de una actuaci\u00f3n en TVE, del programa \u00abAhora\u00bb, en el a\u00f1o 1975. Subid el volumen, que se escucha bajito.<\/p>\n<object type=\"application\/x-shockwave-flash\" data=\"http:\/\/www.youtube.com\/v\/qx3HCAWoAso\" width=\"450\" height=\"370\"><param name=\"movie\" value=\"http:\/\/www.youtube.com\/v\/qx3HCAWoAso\" \/><param name=\"autostart\" value=\"true\" \/><param name=\"wmode\" value=\"transparent\" \/><\/object><br \/>\n<!-- generated by WordPress plugin Embedded Video -->\n\n<p>La letra:<\/p>\n<p>Ayer tarde al lago fui<br \/>\ncon la intenci\u00f3n de conocer<br \/>\nalgo nuevo.<br \/>\nNos reunimos all\u00ed<br \/>\ny todo comenz\u00f3 a surgir<br \/>\ncomo un sue\u00f1o.<\/p>\n<p>Creo recordar que por la noche<br \/>\nel p\u00e1jaro blanco ech\u00f3 a volar<br \/>\nen nuestros corazones<br \/>\nen busca de una estrella fugaz.<\/p>\n<p>Vimos juntos el amanecer<br \/>\ny el lago reflej\u00f3 nuestros sue\u00f1os.<br \/>\nEn silencio fuimos a caer<br \/>\njunto al gran monte aquel<br \/>\nque nos dio el amor.<\/p>\n<p>No puedo negar que me hizo da\u00f1o<br \/>\nque mi coraz\u00f3n huye de ti.<br \/>\nHas de ser como la ma\u00f1ana<br \/>\ndel d\u00eda que te conoc\u00ed.<\/p>\n<p>Creo recordar que por la noche<br \/>\nel p\u00e1jaro blanco ech\u00f3 a volar<br \/>\nen nuestros corazones<br \/>\nen busca de una estrella fugaz.<\/p>\n<p>Vimos juntos el amanecer<br \/>\ny el lago reflej\u00f3 nuestros sue\u00f1os.<br \/>\nEn silencio fuimos a caer<br \/>\njunto al gran monte aquel<br \/>\nque nos dio el amor.<\/p>\n<p>No puedo negar que me hizo da\u00f1o<br \/>\nque mi coraz\u00f3n huye de ti.<br \/>\nHas de ser como la ma\u00f1ana<br \/>\ndel d\u00eda que te conoc\u00ed<\/p>\n","protected":false},"excerpt":{"rendered":"<p>No es finde, no es lunes, pero hoy me apetece compartir con vosotros una de las canciones m\u00e1s m\u00edticas de la m\u00fasica espa\u00f1ola. Me ha saltado esta ma\u00f1ana en el <a href=\"https:\/\/www.fenrique.com\/blog\/2012\/10\/16\/triana-en-el-lago\/\" class=\"more-link\">[&hellip;]<\/a><\/p>\n","protected":false},"author":2,"featured_media":0,"comment_status":"open","ping_status":"open","sticky":false,"template":"","format":"standard","meta":{"_exactmetrics_skip_tracking":false,"_exactmetrics_sitenote_active":false,"_exactmetrics_sitenote_note":"","_exactmetrics_sitenote_category":0,"Layout":"","jetpack_post_was_ever_published":false,"_jetpack_newsletter_access":"","_jetpack_dont_email_post_to_subs":false,"_jetpack_newsletter_tier_id":0,"_jetpack_memberships_contains_paywalled_content":false,"_jetpack_memberships_contains_paid_content":false,"footnotes":"","jetpack_publicize_message":"","jetpack_publicize_feature_enabled":true,"jetpack_social_post_already_shared":false,"jetpack_social_options":{"image_generator_settings":{"template":"highway","default_image_id":0,"font":"","enabled":false},"version":2}},"categories":[5,2422],"tags":[1262,4425,4426,4424,1573,2162,972],"class_list":["entry","author-fenrique","post-3656","post","type-post","status-publish","format-standard","category-personal-y-transferible","category-videoteca","tag-actuacion","tag-ahora","tag-el-patio","tag-en-el-lago","tag-musica","tag-triana","tag-tve"],"jetpack_publicize_connections":[],"jetpack_featured_media_url":"","jetpack_shortlink":"https:\/\/wp.me\/p172Ei-WY","jetpack_likes_enabled":true,"jetpack_sharing_enabled":true,"_links":{"self":[{"href":"https:\/\/www.fenrique.com\/blog\/wp-json\/wp\/v2\/posts\/3656","targetHints":{"allow":["GET"]}}],"collection":[{"href":"https:\/\/www.fenrique.com\/blog\/wp-json\/wp\/v2\/posts"}],"about":[{"href":"https:\/\/www.fenrique.com\/blog\/wp-json\/wp\/v2\/types\/post"}],"author":[{"embeddable":true,"href":"https:\/\/www.fenrique.com\/blog\/wp-json\/wp\/v2\/users\/2"}],"replies":[{"embeddable":true,"href":"https:\/\/www.fenrique.com\/blog\/wp-json\/wp\/v2\/comments?post=3656"}],"version-history":[{"count":1,"href":"https:\/\/www.fenrique.com\/blog\/wp-json\/wp\/v2\/posts\/3656\/revisions"}],"predecessor-version":[{"id":3657,"href":"https:\/\/www.fenrique.com\/blog\/wp-json\/wp\/v2\/posts\/3656\/revisions\/3657"}],"wp:attachment":[{"href":"https:\/\/www.fenrique.com\/blog\/wp-json\/wp\/v2\/media?parent=3656"}],"wp:term":[{"taxonomy":"category","embeddable":true,"href":"https:\/\/www.fenrique.com\/blog\/wp-json\/wp\/v2\/categories?post=3656"},{"taxonomy":"post_tag","embeddable":true,"href":"https:\/\/www.fenrique.com\/blog\/wp-json\/wp\/v2\/tags?post=3656"}],"curies":[{"name":"wp","href":"https:\/\/api.w.org\/{rel}","templated":true}]}}