{"id":3643,"date":"2012-09-28T14:24:59","date_gmt":"2012-09-28T12:24:59","guid":{"rendered":"http:\/\/www.fenrique.com\/blog\/?p=3643"},"modified":"2012-09-28T10:45:13","modified_gmt":"2012-09-28T08:45:13","slug":"mi-cronica-como-espectador-del-ii-maraton-btt-en-torrejon-el-rubio","status":"publish","type":"post","link":"https:\/\/www.fenrique.com\/blog\/2012\/09\/28\/mi-cronica-como-espectador-del-ii-maraton-btt-en-torrejon-el-rubio\/","title":{"rendered":"Mi cr\u00f3nica, como espectador, del II Marat\u00f3n BTT en Torrej\u00f3n el Rubio"},"content":{"rendered":"<p>El pasado domingo fui a ver la carrera de Mountain Bike que tuvo lugar en la localidad de Torrej\u00f3n el Rubio, en pleno Parque Nacional de Monfrag\u00fce, y que se encuadraba dentro del campeonato de Extremadura de la modalidad.<\/p>\n<p>Me llev\u00e9 la c\u00e1mara e intent\u00e9 hacer cuantas m\u00e1s y mejores fotograf\u00edas posibles, aunque dicha tarea estuvo m\u00e1s que complicada debido a la incesante lluvia que nos cay\u00f3 en la mayor parte de la duraci\u00f3n de la prueba.<\/p>\n<p>El lunes pasado <a title=\"noticia\" href=\"http:\/\/ecfranciscopizarro.com\/index.php\/44-noticias\/319-pedaleando-bajo-la-lluvia\" target=\"_blank\">redact\u00e9 una cr\u00f3nica de \u00ablo que viv\u00ed\u00bb que ha sido publicada en la web de la Escuela de Ciclismo Francisco Pizarro<\/a>, en cuyo equipo M\u00e1ster, corro actualmente. Esta es:<\/p>\n<p><strong><span style=\"color: #003366;\"><em>Pedaleando bajo la lluvia.<\/em><\/span><\/strong><\/p>\n<p><span style=\"color: #003366;\"><em>Desde primera hora de la ma\u00f1ana de ayer, justo antes de salir, rumbo a Torrej\u00f3n el Rubio, sab\u00eda que no iba a ser una ma\u00f1ana normal, no iba a ser tampoco una carrera normal. Se ve\u00edan a los lejos, desde Mont\u00e1nchez, uno de los techos de Extremadura, destellos, en la noche, que presagiaban lo que luego se har\u00eda realidad. Destellos, o rel\u00e1mpagos que anunciaban una tormenta. Tormenta de sensaciones, de esfuerzos, de sacrificios, de gloria.<\/em><\/span><\/p>\n<p><span style=\"color: #003366;\"><em>Al llegar a Torrej\u00f3n, acompa\u00f1ando por Tom\u00e1s, corredor del Bicicletas Pel\u00edn &#8211; Avanzamos, se ve\u00edan ya las caras de las ganas que ten\u00edan los ciclistas por comenzar la carrera que, hay que decir, gracias al desborde en las predicciones de participaci\u00f3n, se atras\u00f3 casi una hora en su comienzo, para que todos los que asistieron, pudieran participar.<\/em><\/span><\/p>\n<p><span style=\"color: #003366;\"><em>Vimos la salida de las dos pruebas, la competitiva y la cicloturista y en ese momento, junto a los familiares del tambi\u00e9n ciclista del Pel\u00edn-Avanzamos, \u00c1ngel Denche, que me llevaron, nos desplazamos hasta el Puente del Cardenal, donde llegamos justo en el instante en el que pasaba el primer clasificado, Daniel Mu\u00f1oz, primero desde un sendero, junto al Tajo y luego, cruz\u00e1ndolo sorteando las piedras tiradas en medio del puento, seguido por Julio Godoy (Pel\u00edn &#8211; Avanzamos) y Jose Arroyo (GR100 &#8211; Trujillo 2020).<\/em><\/span><\/p>\n<p><span style=\"color: #003366;\"><em>La vista desde la carretera general del parque de Monfrag\u00fce eran espectaculares, adem\u00e1s del paisaje, con las monta\u00f1as, el r\u00edo Tajo&#8230;, los corredores, llegando uno a uno, como hormiguitas multicolores \u00absobre ruedas\u00bb iban haciendo equilibrios entre las piedras, para luego salir y volver a imprimir velocidad en el camino de salida del puente.<\/em><\/span><br \/>\n<a href=\"http:\/\/www.fenrique.com\/blog\/?attachment_id=3644\" rel=\"attachment wp-att-3644\"><img loading=\"lazy\" decoding=\"async\" data-attachment-id=\"3644\" data-permalink=\"https:\/\/www.fenrique.com\/blog\/2012\/09\/28\/mi-cronica-como-espectador-del-ii-maraton-btt-en-torrejon-el-rubio\/carronera2\/\" data-orig-file=\"https:\/\/www.fenrique.com\/blog\/wp-content\/uploads\/2012\/09\/carronera2.jpg\" data-orig-size=\"1200,1716\" data-comments-opened=\"1\" data-image-meta=\"{&quot;aperture&quot;:&quot;6.3&quot;,&quot;credit&quot;:&quot;&quot;,&quot;camera&quot;:&quot;NIKON D3000&quot;,&quot;caption&quot;:&quot;&quot;,&quot;created_timestamp&quot;:&quot;1348396105&quot;,&quot;copyright&quot;:&quot;&quot;,&quot;focal_length&quot;:&quot;55&quot;,&quot;iso&quot;:&quot;800&quot;,&quot;shutter_speed&quot;:&quot;0.0125&quot;,&quot;title&quot;:&quot;&quot;}\" data-image-title=\"Sobre el puente\" data-image-description=\"\" data-image-caption=\"\" data-medium-file=\"https:\/\/www.fenrique.com\/blog\/wp-content\/uploads\/2012\/09\/carronera2-209x300.jpg\" data-large-file=\"https:\/\/www.fenrique.com\/blog\/wp-content\/uploads\/2012\/09\/carronera2-550x786.jpg\" class=\"alignnone size-medium wp-image-3644\" title=\"Sobre el puente\" src=\"http:\/\/www.fenrique.com\/blog\/wp-content\/uploads\/2012\/09\/carronera2-209x300.jpg\" alt=\"\" width=\"209\" height=\"300\" srcset=\"https:\/\/www.fenrique.com\/blog\/wp-content\/uploads\/2012\/09\/carronera2-209x300.jpg 209w, https:\/\/www.fenrique.com\/blog\/wp-content\/uploads\/2012\/09\/carronera2-550x786.jpg 550w, https:\/\/www.fenrique.com\/blog\/wp-content\/uploads\/2012\/09\/carronera2.jpg 1200w\" sizes=\"auto, (max-width: 209px) 100vw, 209px\" \/><\/a><br \/>\n<span style=\"color: #003366;\"><em>Fue en ese momento cuando para nosotros empez\u00f3 la lluvia. A los corredores ya los ve\u00edamos con bastante agua encima, pero para nosotros empezamos entonces nuestra particular \u00abbatalla\u00bb con la lluvia.<\/em><\/span><\/p>\n<p><span style=\"color: #003366;\"><em>Si tuviera que describir la carrera de ayer, en Monfrag\u00fce, con una sola palabra, tendr\u00eda muchas: belleza, espect\u00e1culo, sacrificio, sufrimiento, esfuerzo, pero hay una que destacar\u00eda sobre todas, la palabra AGUA.<\/em><\/span><\/p>\n<p><span style=\"color: #003366;\"><em>El siguiente punto donde fuimos a ver la carrera fue en Villarreal de San Carlos, dejando atr\u00e1s el imponente \u00abSalto del Gitano\u00bb, donde, mientras esper\u00e1bamos la llegada de los corredores, ya con bastantes kil\u00f3metros en las piernas, empez\u00f3 a diluviar, literalmente, como hac\u00eda meses que no lo hac\u00eda, haciendo que, para nosotros, tambi\u00e9n fuera esa ma\u00f1ana, una ma\u00f1ana de \u00e9pica ciclista, de otra manera, pero tambi\u00e9n se pod\u00eda ver en nuestras caras el esfuerzo de estar al encuentro de los corredores.<\/em><\/span><br \/>\n<a href=\"http:\/\/www.fenrique.com\/blog\/?attachment_id=3645\" rel=\"attachment wp-att-3645\"><img loading=\"lazy\" decoding=\"async\" data-attachment-id=\"3645\" data-permalink=\"https:\/\/www.fenrique.com\/blog\/2012\/09\/28\/mi-cronica-como-espectador-del-ii-maraton-btt-en-torrejon-el-rubio\/carronera3\/\" data-orig-file=\"https:\/\/www.fenrique.com\/blog\/wp-content\/uploads\/2012\/09\/carronera3.jpg\" data-orig-size=\"1200,845\" data-comments-opened=\"1\" data-image-meta=\"{&quot;aperture&quot;:&quot;6.3&quot;,&quot;credit&quot;:&quot;&quot;,&quot;camera&quot;:&quot;NIKON D3000&quot;,&quot;caption&quot;:&quot;&quot;,&quot;created_timestamp&quot;:&quot;1348403898&quot;,&quot;copyright&quot;:&quot;&quot;,&quot;focal_length&quot;:&quot;200&quot;,&quot;iso&quot;:&quot;800&quot;,&quot;shutter_speed&quot;:&quot;0.008&quot;,&quot;title&quot;:&quot;&quot;}\" data-image-title=\"carronera3\" data-image-description=\"\" data-image-caption=\"\" data-medium-file=\"https:\/\/www.fenrique.com\/blog\/wp-content\/uploads\/2012\/09\/carronera3-300x211.jpg\" data-large-file=\"https:\/\/www.fenrique.com\/blog\/wp-content\/uploads\/2012\/09\/carronera3-550x387.jpg\" class=\"alignnone size-medium wp-image-3645\" title=\"carronera3\" src=\"http:\/\/www.fenrique.com\/blog\/wp-content\/uploads\/2012\/09\/carronera3-300x211.jpg\" alt=\"\" width=\"300\" height=\"211\" srcset=\"https:\/\/www.fenrique.com\/blog\/wp-content\/uploads\/2012\/09\/carronera3-300x211.jpg 300w, https:\/\/www.fenrique.com\/blog\/wp-content\/uploads\/2012\/09\/carronera3-550x387.jpg 550w, https:\/\/www.fenrique.com\/blog\/wp-content\/uploads\/2012\/09\/carronera3-426x300.jpg 426w, https:\/\/www.fenrique.com\/blog\/wp-content\/uploads\/2012\/09\/carronera3.jpg 1200w\" sizes=\"auto, (max-width: 300px) 100vw, 300px\" \/><\/a><br \/>\n<span style=\"color: #003366;\"><em>Mientras iban pasando, palabras de \u00e1nimo, colaboraci\u00f3n con la organizaci\u00f3n para evitar despistes de los corredores en el recorrido, m\u00e1s fotos, y tambi\u00e9n colaboraci\u00f3n con alguna aver\u00eda sufrida por alg\u00fan corredor y, finalmente, tras el paso de nuestros amigos, familiares, compa\u00f1eros&#8230; vuelta a la zona de salida y meta, para ver el final.<\/em><\/span><\/p>\n<p><span style=\"color: #003366;\"><em>All\u00ed pudimos ver los verdaderos rostros del esfuerzo y sacrificio y la alegr\u00eda. Corredores que han tenido que desplazarse, desde bien temprano, hasta Monfrag\u00fce &#8211; Torrej\u00f3n el Rubio para correr, que no van a percibir ni un solo euro por ello, que muchos tendr\u00e1n que pagar de sus bolsillos las numerosas aver\u00edas que se vieron, ten\u00edan, en su mayor\u00eda caras de satisfacci\u00f3n por haber participado en semejante espect\u00e1culo, donde se mezclaron el barro, el imponente paisaje del Parque Nacional, las bajadas sinuosas por la lluvia, las fuertes pendientes de subida&#8230; Un ejemplo del verdadero deporte.<\/em><\/span><br \/>\n<a href=\"http:\/\/www.fenrique.com\/blog\/?attachment_id=3646\" rel=\"attachment wp-att-3646\"><img loading=\"lazy\" decoding=\"async\" data-attachment-id=\"3646\" data-permalink=\"https:\/\/www.fenrique.com\/blog\/2012\/09\/28\/mi-cronica-como-espectador-del-ii-maraton-btt-en-torrejon-el-rubio\/carronera5\/\" data-orig-file=\"https:\/\/www.fenrique.com\/blog\/wp-content\/uploads\/2012\/09\/carronera5.jpg\" data-orig-size=\"1101,1200\" data-comments-opened=\"1\" data-image-meta=\"{&quot;aperture&quot;:&quot;6.3&quot;,&quot;credit&quot;:&quot;&quot;,&quot;camera&quot;:&quot;NIKON D3000&quot;,&quot;caption&quot;:&quot;&quot;,&quot;created_timestamp&quot;:&quot;1348409093&quot;,&quot;copyright&quot;:&quot;&quot;,&quot;focal_length&quot;:&quot;18&quot;,&quot;iso&quot;:&quot;800&quot;,&quot;shutter_speed&quot;:&quot;0.004&quot;,&quot;title&quot;:&quot;&quot;}\" data-image-title=\"carronera5\" data-image-description=\"\" data-image-caption=\"\" data-medium-file=\"https:\/\/www.fenrique.com\/blog\/wp-content\/uploads\/2012\/09\/carronera5-275x300.jpg\" data-large-file=\"https:\/\/www.fenrique.com\/blog\/wp-content\/uploads\/2012\/09\/carronera5-550x599.jpg\" class=\"alignnone size-large wp-image-3646\" title=\"carronera5\" src=\"http:\/\/www.fenrique.com\/blog\/wp-content\/uploads\/2012\/09\/carronera5-550x599.jpg\" alt=\"\" width=\"550\" height=\"599\" srcset=\"https:\/\/www.fenrique.com\/blog\/wp-content\/uploads\/2012\/09\/carronera5-550x599.jpg 550w, https:\/\/www.fenrique.com\/blog\/wp-content\/uploads\/2012\/09\/carronera5-275x300.jpg 275w, https:\/\/www.fenrique.com\/blog\/wp-content\/uploads\/2012\/09\/carronera5.jpg 1101w\" sizes=\"auto, (max-width: 550px) 100vw, 550px\" \/><\/a><br \/>\n<span style=\"color: #003366;\"><em>De ese espect\u00e1culo me llen\u00e9 yo mismo, con mi c\u00e1mara, empapada, mis carreras para ayudar a los averiados, mis gritos de \u00e1nimo para todos, independientemente del equipo que fuera y mi aporte, por peque\u00f1o que sea, para que esta carrera siga a\u00f1o tras a\u00f1o celebr\u00e1ndose.<\/em><\/span><\/p>\n<p><span style=\"color: #003366;\"><em>El espect\u00e1culo debe continuar.<\/em><\/span><\/p>\n<p>Puedes ver todas las fotos que hice en mi cuenta de<a title=\"fotos en flickr\" href=\"http:\/\/www.flickr.com\/photos\/fenrique\/sets\/72157631616729755\/\" target=\"_blank\"> flickr, en este enlace<\/a>, y si tienes <a title=\"fotos dropbox\" href=\"https:\/\/www.dropbox.com\/sh\/toquutcv4cgytdq\/o7frwwWFLh\" target=\"_blank\">Dropbox, en este otro enlace<\/a>.<\/p>\n","protected":false},"excerpt":{"rendered":"<p>El pasado domingo fui a ver la carrera de Mountain Bike que tuvo lugar en la localidad de Torrej\u00f3n el Rubio, en pleno Parque Nacional de Monfrag\u00fce, y que se <a href=\"https:\/\/www.fenrique.com\/blog\/2012\/09\/28\/mi-cronica-como-espectador-del-ii-maraton-btt-en-torrejon-el-rubio\/\" class=\"more-link\">[&hellip;]<\/a><\/p>\n","protected":false},"author":2,"featured_media":3646,"comment_status":"open","ping_status":"open","sticky":false,"template":"","format":"standard","meta":{"_exactmetrics_skip_tracking":false,"_exactmetrics_sitenote_active":false,"_exactmetrics_sitenote_note":"","_exactmetrics_sitenote_category":0,"Layout":"","jetpack_post_was_ever_published":false,"_jetpack_newsletter_access":"","_jetpack_dont_email_post_to_subs":false,"_jetpack_newsletter_tier_id":0,"_jetpack_memberships_contains_paywalled_content":false,"_jetpack_memberships_contains_paid_content":false,"footnotes":"","jetpack_publicize_message":"","jetpack_publicize_feature_enabled":true,"jetpack_social_post_already_shared":false,"jetpack_social_options":{"image_generator_settings":{"template":"highway","default_image_id":0,"font":"","enabled":false},"version":2}},"categories":[3,31],"tags":[541,4405,182,4411,1053,4409,882,4407,2680,4406,4410,4408],"class_list":["entry","author-fenrique","post-3643","post","type-post","status-publish","format-standard","has-post-thumbnail","category-expofoto","category-haciendo-deporte","tag-bici","tag-btt","tag-ciclismo","tag-esfuerzo","tag-fotos","tag-gr100","tag-lluvia","tag-monfrague","tag-montana","tag-mtb","tag-naturaleza","tag-torrejon-el-rubio"],"jetpack_publicize_connections":[],"jetpack_featured_media_url":"https:\/\/www.fenrique.com\/blog\/wp-content\/uploads\/2012\/09\/carronera5.jpg","jetpack_shortlink":"https:\/\/wp.me\/p172Ei-WL","jetpack_likes_enabled":true,"jetpack_sharing_enabled":true,"_links":{"self":[{"href":"https:\/\/www.fenrique.com\/blog\/wp-json\/wp\/v2\/posts\/3643","targetHints":{"allow":["GET"]}}],"collection":[{"href":"https:\/\/www.fenrique.com\/blog\/wp-json\/wp\/v2\/posts"}],"about":[{"href":"https:\/\/www.fenrique.com\/blog\/wp-json\/wp\/v2\/types\/post"}],"author":[{"embeddable":true,"href":"https:\/\/www.fenrique.com\/blog\/wp-json\/wp\/v2\/users\/2"}],"replies":[{"embeddable":true,"href":"https:\/\/www.fenrique.com\/blog\/wp-json\/wp\/v2\/comments?post=3643"}],"version-history":[{"count":1,"href":"https:\/\/www.fenrique.com\/blog\/wp-json\/wp\/v2\/posts\/3643\/revisions"}],"predecessor-version":[{"id":3647,"href":"https:\/\/www.fenrique.com\/blog\/wp-json\/wp\/v2\/posts\/3643\/revisions\/3647"}],"wp:featuredmedia":[{"embeddable":true,"href":"https:\/\/www.fenrique.com\/blog\/wp-json\/wp\/v2\/media\/3646"}],"wp:attachment":[{"href":"https:\/\/www.fenrique.com\/blog\/wp-json\/wp\/v2\/media?parent=3643"}],"wp:term":[{"taxonomy":"category","embeddable":true,"href":"https:\/\/www.fenrique.com\/blog\/wp-json\/wp\/v2\/categories?post=3643"},{"taxonomy":"post_tag","embeddable":true,"href":"https:\/\/www.fenrique.com\/blog\/wp-json\/wp\/v2\/tags?post=3643"}],"curies":[{"name":"wp","href":"https:\/\/api.w.org\/{rel}","templated":true}]}}