{"id":3399,"date":"2012-04-20T16:09:12","date_gmt":"2012-04-20T14:09:12","guid":{"rendered":"http:\/\/www.fenrique.com\/blog\/?p=3399"},"modified":"2012-04-20T13:21:17","modified_gmt":"2012-04-20T11:21:17","slug":"la-cancion-de-la-vuelta-a-espana-2012-la-oreja-de-van-gogh-dia-cero","status":"publish","type":"post","link":"https:\/\/www.fenrique.com\/blog\/2012\/04\/20\/la-cancion-de-la-vuelta-a-espana-2012-la-oreja-de-van-gogh-dia-cero\/","title":{"rendered":"La canci\u00f3n de la Vuelta a Espa\u00f1a 2012 | La Oreja de Van Gogh &#8211; D\u00eda Cero"},"content":{"rendered":"<p>Esta semana se ha hecho p\u00fablico el nombre de la sinton\u00eda que acompa\u00f1ar\u00e1, hasta la saciedad, dir\u00eda yo, la caravana y todo acto que represente a la Vuelta Espa\u00f1a 2012. A\u00fan no sabemos qu\u00e9 equipos correr\u00e1n ni, por tanto, los corredores (excepto Contador), pero la canci\u00f3n ya la tenemos.<\/p>\n<p>Se vuelve a una voz femenina, tras el par\u00e9ntesis del a\u00f1o pasado, con <a href=\"http:\/\/www.fenrique.com\/blog\/2011\/05\/28\/la-cancion-y-coreografia-de-la-vuelta-ciclista-a-espana-2011-la-fe-de-manuela-como-yo\/\">La Fe de Manuela<\/a> y se produce uno nuevo al estar interpretado por un grupo de sobra conocido en nuestro pa\u00eds. <a href=\"http:\/\/es.wikipedia.org\/wiki\/Anexo:Canciones_de_la_Vuelta_a_Espa%C3%B1a\" target=\"_blank\">Desde Melendi<\/a>, dir\u00eda yo, un grupo, digamos, de fama reconocida, habitual en la lista \u00ab40 principales\u00bb no tiene esta funci\u00f3n.<\/p>\n<p>La canci\u00f3n gustar\u00e1 m\u00e1s o menos, ah\u00ed no entro, pero el caso es que la escucharemos, sobre todo los aficionados al ciclismo, hasta decir basta (varias veces).<\/p>\n<p>La Oreja de Van Gogh &#8211; D\u00eda Cero<\/p>\n<object type=\"application\/x-shockwave-flash\" data=\"http:\/\/www.youtube.com\/v\/arBE7iMpxwI\" width=\"450\" height=\"370\"><param name=\"movie\" value=\"http:\/\/www.youtube.com\/v\/arBE7iMpxwI\" \/><param name=\"autostart\" value=\"true\" \/><param name=\"wmode\" value=\"transparent\" \/><\/object><br \/>\n<!-- generated by WordPress plugin Embedded Video -->\n\n<p>La letra:<br \/>\nEl cielo se parti\u00f3 en Berl\u00edn<br \/>\nEl tiro m\u00e1s preciso de mi vida fue a escogerte a ti<br \/>\nLa vela se apag\u00f3, qu\u00e9 tonta discusi\u00f3n<br \/>\nMirando las hojas caer<br \/>\nCosiendo el tiempo a l\u00e1grimas, en el mantel me derrumb\u00e9<br \/>\nCruji\u00f3 mi coraz\u00f3n, nunca tuve raz\u00f3n<\/p>\n<p>Y vivo sin vivir en m\u00ed<br \/>\nY muero a cada hora que se escapa sin saber de ti<br \/>\nLo siento tanto, tanto amor<br \/>\nMe duele el coraz\u00f3n<br \/>\nEl d\u00eda cero se acab\u00f3 y yo sigo sin tu absoluci\u00f3n<br \/>\nEsta madrugada llueve en la ventana de mi habitaci\u00f3n<\/p>\n<p>Los girasoles de papel<br \/>\nMiran hacia otro lado en el peque\u00f1o cuarto donde ayer<br \/>\nHicimos el amor, le dan la espalda al sol<\/p>\n<p>Y vivo sin vivir en m\u00ed<br \/>\nY muero a cada hora que se escapa sin saber de ti<br \/>\nLo siento tanto, tanto amor<br \/>\nMe duele el coraz\u00f3n<br \/>\nEl d\u00eda cero se acab\u00f3 y yo sigo sin tu absoluci\u00f3n<br \/>\nEsta madrugada llueve en la ventana de mi habitaci\u00f3n<\/p>\n<p>Veo las sombras de algunas palabras<br \/>\nme miran, se r\u00eden, me culpan, se\u00f1alan<br \/>\nMe ara\u00f1an con rabia al volar<br \/>\nNo volver\u00e1 a pasar<\/p>\n<p>Y vivo sin vivir en m\u00ed<br \/>\nY muero a cada hora que se escapa sin saber de ti<br \/>\nLo siento tanto, tanto amor<br \/>\nMe duele el coraz\u00f3n<br \/>\nEl d\u00eda cero se acab\u00f3 y yo sigo sin tu absoluci\u00f3n<br \/>\nEsta madrugada llueve en la ventana de mi habitaci\u00f3n<br \/>\nEsta madrugada llueve en la ventana de mi coraz\u00f3n<br \/>\n<em>Fuente: musica.com<\/em><\/p>\n","protected":false},"excerpt":{"rendered":"<p>Esta semana se ha hecho p\u00fablico el nombre de la sinton\u00eda que acompa\u00f1ar\u00e1, hasta la saciedad, dir\u00eda yo, la caravana y todo acto que represente a la Vuelta Espa\u00f1a 2012. <a href=\"https:\/\/www.fenrique.com\/blog\/2012\/04\/20\/la-cancion-de-la-vuelta-a-espana-2012-la-oreja-de-van-gogh-dia-cero\/\" class=\"more-link\">[&hellip;]<\/a><\/p>\n","protected":false},"author":2,"featured_media":0,"comment_status":"open","ping_status":"open","sticky":false,"template":"","format":"standard","meta":{"_exactmetrics_skip_tracking":false,"_exactmetrics_sitenote_active":false,"_exactmetrics_sitenote_note":"","_exactmetrics_sitenote_category":0,"Layout":"","jetpack_post_was_ever_published":false,"_jetpack_newsletter_access":"","_jetpack_dont_email_post_to_subs":false,"_jetpack_newsletter_tier_id":0,"_jetpack_memberships_contains_paywalled_content":false,"_jetpack_memberships_contains_paid_content":false,"footnotes":"","jetpack_publicize_message":"","jetpack_publicize_feature_enabled":true,"jetpack_social_post_already_shared":false,"jetpack_social_options":{"image_generator_settings":{"template":"highway","default_image_id":0,"font":"","enabled":false},"version":2}},"categories":[7,31,2422],"tags":[4334,4333,4336,34,4335],"class_list":["entry","author-fenrique","post-3399","post","type-post","status-publish","format-standard","category-fenrique-piensa-que","category-haciendo-deporte","category-videoteca","tag-caja-rural","tag-cancion-vuelta","tag-dia-cero","tag-espana","tag-la-oreja-de-van-gogh"],"jetpack_publicize_connections":[],"jetpack_featured_media_url":"","jetpack_shortlink":"https:\/\/wp.me\/p172Ei-SP","jetpack_likes_enabled":true,"jetpack_sharing_enabled":true,"_links":{"self":[{"href":"https:\/\/www.fenrique.com\/blog\/wp-json\/wp\/v2\/posts\/3399","targetHints":{"allow":["GET"]}}],"collection":[{"href":"https:\/\/www.fenrique.com\/blog\/wp-json\/wp\/v2\/posts"}],"about":[{"href":"https:\/\/www.fenrique.com\/blog\/wp-json\/wp\/v2\/types\/post"}],"author":[{"embeddable":true,"href":"https:\/\/www.fenrique.com\/blog\/wp-json\/wp\/v2\/users\/2"}],"replies":[{"embeddable":true,"href":"https:\/\/www.fenrique.com\/blog\/wp-json\/wp\/v2\/comments?post=3399"}],"version-history":[{"count":4,"href":"https:\/\/www.fenrique.com\/blog\/wp-json\/wp\/v2\/posts\/3399\/revisions"}],"predecessor-version":[{"id":3402,"href":"https:\/\/www.fenrique.com\/blog\/wp-json\/wp\/v2\/posts\/3399\/revisions\/3402"}],"wp:attachment":[{"href":"https:\/\/www.fenrique.com\/blog\/wp-json\/wp\/v2\/media?parent=3399"}],"wp:term":[{"taxonomy":"category","embeddable":true,"href":"https:\/\/www.fenrique.com\/blog\/wp-json\/wp\/v2\/categories?post=3399"},{"taxonomy":"post_tag","embeddable":true,"href":"https:\/\/www.fenrique.com\/blog\/wp-json\/wp\/v2\/tags?post=3399"}],"curies":[{"name":"wp","href":"https:\/\/api.w.org\/{rel}","templated":true}]}}