{"id":3338,"date":"2012-02-13T16:51:23","date_gmt":"2012-02-13T15:51:23","guid":{"rendered":"http:\/\/www.fenrique.com\/blog\/?p=3338"},"modified":"2012-02-13T16:51:23","modified_gmt":"2012-02-13T15:51:23","slug":"ciclistas-y-coches","status":"publish","type":"post","link":"https:\/\/www.fenrique.com\/blog\/2012\/02\/13\/ciclistas-y-coches\/","title":{"rendered":"Ciclistas y coches"},"content":{"rendered":"<p style=\"text-align: justify;\">Esta tarde, sobre las 15.30h mientras entrenaba en la carretera entre Alcu\u00e9scar y Mont\u00e1nchez, ha sucedido un hecho, para m\u00ed, in\u00e9dito. Ha pasado un coche casi roz\u00e1ndome, en la misma direcci\u00f3n en la que iba yo (por el arc\u00e9n)<\/p>\n<p style=\"text-align: justify;\">Esto en s\u00ed, como digo, para m\u00ed, no es nuevo, ya que me voy acostumbrando a que pasen los coches muy cerca, pero lo que s\u00ed es nuevo es que, justo, a su vez, viniera de frente, por el otro carril, un coche de la Guardia Civil de Tr\u00e1fico.<\/p>\n<p style=\"text-align: justify;\">Al pasar tan cerca (calculo que unos 60-70cm) hice un gesto de queja, con el brazo izquierdo levantado y al minuto o as\u00ed, cuando tomaba el cruce a Arroyomolinos, veo pasar al mismo coche de Tr\u00e1fico, con las luces puestas, a toda velocidad.<\/p>\n<p style=\"text-align: justify;\">Cuando regresaba del pueblo, en el siguiente cruce, vi que estaban parados, tanto el coche que pas\u00f3 cerca de m\u00ed, como el de la Guardia Civil, justo delante. Pregunt\u00e9 si hac\u00eda falta alg\u00fan dato m\u00edo y s\u00f3lo me dijo el Guardia que hab\u00edan visto la infracci\u00f3n y que estaban procediendo a comunicar la multa correspondiente.<\/p>\n<p style=\"text-align: justify;\">La verdad es que me reconforta ver que infracciones tan graves como esa se persiguen y no se dejan impunes. No es la primera vez que pasa un coche cerca de m\u00ed , ni tampoco es la que m\u00e1s cerca han pasado (Bien lo podr\u00eda decir<a href=\"http:\/\/sportfacilities.blogspot.com\/\" target=\"_blank\"> @JPMonzu<\/a>), pero s\u00ed es la primera vez que \u00abpillan\u00bb al infractor (en este caso infractora), que espero que, a partir de ahora, tenga m\u00e1s cuidado cuando vaya al volante.<\/p>\n<p style=\"text-align: justify;\">Despu\u00e9s de ver casos como los de este fin de semana en , esto tiene que hacer pensar a los conductores el riesgo en el que ponen a las vidas de los ciclistas.<\/p>\n<p><img loading=\"lazy\" decoding=\"async\" class=\"alignnone\" title=\"ciclistas lleida\" src=\"http:\/\/ep00.epimg.net\/ccaa\/imagenes\/2012\/02\/12\/catalunya\/1329065118_434264_1329065362_noticia_normal.jpg\" alt=\"\" width=\"560\" height=\"303\" \/><\/p>\n","protected":false},"excerpt":{"rendered":"<p>Esta tarde, sobre las 15.30h mientras entrenaba en la carretera entre Alcu\u00e9scar y Mont\u00e1nchez, ha sucedido un hecho, para m\u00ed, in\u00e9dito. Ha pasado un coche casi roz\u00e1ndome, en la misma <a href=\"https:\/\/www.fenrique.com\/blog\/2012\/02\/13\/ciclistas-y-coches\/\" class=\"more-link\">[&hellip;]<\/a><\/p>\n","protected":false},"author":2,"featured_media":0,"comment_status":"open","ping_status":"open","sticky":false,"template":"","format":"standard","meta":{"_exactmetrics_skip_tracking":false,"_exactmetrics_sitenote_active":false,"_exactmetrics_sitenote_note":"","_exactmetrics_sitenote_category":0,"Layout":"","jetpack_post_was_ever_published":false,"_jetpack_newsletter_access":"","_jetpack_dont_email_post_to_subs":false,"_jetpack_newsletter_tier_id":0,"_jetpack_memberships_contains_paywalled_content":false,"_jetpack_memberships_contains_paid_content":false,"footnotes":"","jetpack_publicize_message":"","jetpack_publicize_feature_enabled":true,"jetpack_social_post_already_shared":false,"jetpack_social_options":{"image_generator_settings":{"template":"highway","default_image_id":0,"font":"","enabled":false},"version":2}},"categories":[101,7,31],"tags":[4315,4314,1401,1444,949,922,4313,937],"class_list":["entry","author-fenrique","post-3338","post","type-post","status-publish","format-standard","category-deprisa-y-corriendo","category-fenrique-piensa-que","category-haciendo-deporte","tag-alcuescar","tag-arroyomolinos","tag-carretera","tag-ciclistas","tag-coches","tag-guardia-civil","tag-montanchez","tag-multa"],"jetpack_publicize_connections":[],"jetpack_featured_media_url":"","jetpack_shortlink":"https:\/\/wp.me\/p172Ei-RQ","jetpack_likes_enabled":true,"jetpack_sharing_enabled":true,"_links":{"self":[{"href":"https:\/\/www.fenrique.com\/blog\/wp-json\/wp\/v2\/posts\/3338","targetHints":{"allow":["GET"]}}],"collection":[{"href":"https:\/\/www.fenrique.com\/blog\/wp-json\/wp\/v2\/posts"}],"about":[{"href":"https:\/\/www.fenrique.com\/blog\/wp-json\/wp\/v2\/types\/post"}],"author":[{"embeddable":true,"href":"https:\/\/www.fenrique.com\/blog\/wp-json\/wp\/v2\/users\/2"}],"replies":[{"embeddable":true,"href":"https:\/\/www.fenrique.com\/blog\/wp-json\/wp\/v2\/comments?post=3338"}],"version-history":[{"count":2,"href":"https:\/\/www.fenrique.com\/blog\/wp-json\/wp\/v2\/posts\/3338\/revisions"}],"predecessor-version":[{"id":3340,"href":"https:\/\/www.fenrique.com\/blog\/wp-json\/wp\/v2\/posts\/3338\/revisions\/3340"}],"wp:attachment":[{"href":"https:\/\/www.fenrique.com\/blog\/wp-json\/wp\/v2\/media?parent=3338"}],"wp:term":[{"taxonomy":"category","embeddable":true,"href":"https:\/\/www.fenrique.com\/blog\/wp-json\/wp\/v2\/categories?post=3338"},{"taxonomy":"post_tag","embeddable":true,"href":"https:\/\/www.fenrique.com\/blog\/wp-json\/wp\/v2\/tags?post=3338"}],"curies":[{"name":"wp","href":"https:\/\/api.w.org\/{rel}","templated":true}]}}