{"id":333,"date":"2008-06-03T20:57:15","date_gmt":"2008-06-03T18:57:15","guid":{"rendered":"http:\/\/www.fenrique.com\/blog\/archives\/333"},"modified":"2008-06-03T20:01:11","modified_gmt":"2008-06-03T18:01:11","slug":"pretendo-hablarte-de-beatriz-luego-upa-dance-la-cancion-de-la-vuelta-ciclista-a-espana","status":"publish","type":"post","link":"https:\/\/www.fenrique.com\/blog\/2008\/06\/03\/pretendo-hablarte-de-beatriz-luego-upa-dance-la-cancion-de-la-vuelta-ciclista-a-espana\/","title":{"rendered":"Pretendo Hablarte, de Beatriz Luego (UPA Dance), la canci\u00f3n de la Vuelta ciclista a Espa\u00f1a"},"content":{"rendered":"<p>Seg\u00fan informan en <a href=\"http:\/\/www.esciclismo.com\/ampliada.asp?Id=7278\">esciclismo.com<\/a>, la canci\u00f3n escogida este a\u00f1o para \u00abamenizar\u00bb la Vuelta ciclista a Espa\u00f1a ha sido esta de Beatriz Luengo, llamada Pretendo Hablarte:<\/p>\n<object type=\"application\/x-shockwave-flash\" data=\"http:\/\/www.youtube.com\/v\/tiKnCmdNJ-k\" width=\"450\" height=\"370\"><param name=\"movie\" value=\"http:\/\/www.youtube.com\/v\/tiKnCmdNJ-k\" \/><param name=\"autostart\" value=\"true\" \/><param name=\"wmode\" value=\"transparent\" \/><\/object><br \/>\n<!-- generated by WordPress plugin Embedded Video -->\n\n<p align=\"justify\">\n<blockquote><p><span style=\"color: #993300\"><em>La 63 edici\u00f3n de la Vuelta a Espa\u00f1a contar\u00e1 con la canci\u00f3n \u00b4Pretendo hablarte\u00b4 de la artista espa\u00f1ola Beatriz Luengo como sinton\u00eda oficial, canci\u00f3n perteneciente al \u00e1lbum \u00b4Carrousel\u00b4 que amenizar\u00e1 la ronda desde su inauguraci\u00f3n el pr\u00f3ximo 30 de agosto en Granada.<\/em><\/span><\/p>\n<p><span style=\"color: #993300\"><em>Precisamente la ciudad andaluza acoger\u00e1 a partir de ma\u00f1ana el rodaje del spot promocional de la pr\u00f3xima Vuelta, protagonizado por Beatriz Luengo en m\u00faltiples localizaciones, seleccionadas en colaboraci\u00f3n con el Ayuntamiento de Granada para mostrar el contraste entre historia y modernidad presente en la localidad.<\/em><\/span><\/p><\/blockquote>\n","protected":false},"excerpt":{"rendered":"<p>Seg\u00fan informan en esciclismo.com, la canci\u00f3n escogida este a\u00f1o para \u00abamenizar\u00bb la Vuelta ciclista a Espa\u00f1a ha sido esta de Beatriz Luengo, llamada Pretendo Hablarte: La 63 edici\u00f3n de la <a href=\"https:\/\/www.fenrique.com\/blog\/2008\/06\/03\/pretendo-hablarte-de-beatriz-luego-upa-dance-la-cancion-de-la-vuelta-ciclista-a-espana\/\" class=\"more-link\">[&hellip;]<\/a><\/p>\n","protected":false},"author":2,"featured_media":0,"comment_status":"open","ping_status":"open","sticky":false,"template":"","format":"standard","meta":{"_exactmetrics_skip_tracking":false,"_exactmetrics_sitenote_active":false,"_exactmetrics_sitenote_note":"","_exactmetrics_sitenote_category":0,"Layout":"","jetpack_post_was_ever_published":false,"_jetpack_newsletter_access":"","_jetpack_dont_email_post_to_subs":false,"_jetpack_newsletter_tier_id":0,"_jetpack_memberships_contains_paywalled_content":false,"_jetpack_memberships_contains_paid_content":false,"footnotes":"","jetpack_publicize_message":"","jetpack_publicize_feature_enabled":true,"jetpack_social_post_already_shared":false,"jetpack_social_options":{"image_generator_settings":{"template":"highway","default_image_id":0,"font":"","enabled":false},"version":2}},"categories":[31,12],"tags":[1165,59,182,1166,1168,1167,1169,1164],"class_list":["entry","author-fenrique","post-333","post","type-post","status-publish","format-standard","category-haciendo-deporte","category-la-cancion-del-finde","tag-beatriz-luengo","tag-cancion","tag-ciclismo","tag-pretendo-hablarte","tag-un-paso-adelante","tag-upa-dance","tag-vuelta","tag-vuelta-ciclista"],"jetpack_publicize_connections":[],"jetpack_featured_media_url":"","jetpack_shortlink":"https:\/\/wp.me\/p172Ei-5n","jetpack_likes_enabled":true,"jetpack_sharing_enabled":true,"_links":{"self":[{"href":"https:\/\/www.fenrique.com\/blog\/wp-json\/wp\/v2\/posts\/333","targetHints":{"allow":["GET"]}}],"collection":[{"href":"https:\/\/www.fenrique.com\/blog\/wp-json\/wp\/v2\/posts"}],"about":[{"href":"https:\/\/www.fenrique.com\/blog\/wp-json\/wp\/v2\/types\/post"}],"author":[{"embeddable":true,"href":"https:\/\/www.fenrique.com\/blog\/wp-json\/wp\/v2\/users\/2"}],"replies":[{"embeddable":true,"href":"https:\/\/www.fenrique.com\/blog\/wp-json\/wp\/v2\/comments?post=333"}],"version-history":[{"count":0,"href":"https:\/\/www.fenrique.com\/blog\/wp-json\/wp\/v2\/posts\/333\/revisions"}],"wp:attachment":[{"href":"https:\/\/www.fenrique.com\/blog\/wp-json\/wp\/v2\/media?parent=333"}],"wp:term":[{"taxonomy":"category","embeddable":true,"href":"https:\/\/www.fenrique.com\/blog\/wp-json\/wp\/v2\/categories?post=333"},{"taxonomy":"post_tag","embeddable":true,"href":"https:\/\/www.fenrique.com\/blog\/wp-json\/wp\/v2\/tags?post=333"}],"curies":[{"name":"wp","href":"https:\/\/api.w.org\/{rel}","templated":true}]}}