{"id":332,"date":"2008-06-03T16:30:44","date_gmt":"2008-06-03T14:30:44","guid":{"rendered":"http:\/\/www.fenrique.com\/blog\/archives\/332"},"modified":"2008-06-03T10:44:58","modified_gmt":"2008-06-03T08:44:58","slug":"empieza-el-pre-concierto-de-merida-de-manolo-garcia","status":"publish","type":"post","link":"https:\/\/www.fenrique.com\/blog\/2008\/06\/03\/empieza-el-pre-concierto-de-merida-de-manolo-garcia\/","title":{"rendered":"Empieza el pre-concierto de M\u00e9rida de Manolo Garc\u00eda"},"content":{"rendered":"<p align=\"justify\">Una vez pasado el fin de semana, la siguiente cita de Manolo Garc\u00eda ser\u00e1 en M\u00e9rida, el pr\u00f3ximo viernes.<\/p>\n<p align=\"justify\">Por ello, ya se est\u00e1 calentando el ambiente pre-conciertil y en el peri\u00f3dico HOY han publicado, hoy mismo, <u><a href=\"http:\/\/www.hoy.es\/20080603\/sociedad\/viviera-mundo-estupendo-seguro-20080603.html\" target=\"_blank\">una entrevista con el propio Manolo<\/a><\/u>, adem\u00e1s de sacarlo en la portada:<\/p>\n<p>\u00a0<img loading=\"lazy\" decoding=\"async\" src=\"http:\/\/farm3.static.flickr.com\/2138\/2547098597_f1e441d33b.jpg\" alt=\"manolo en el hoy\" style=\"width: 362px; height: 500px\" height=\"500\" width=\"362\" \/><\/p>\n","protected":false},"excerpt":{"rendered":"<p>Una vez pasado el fin de semana, la siguiente cita de Manolo Garc\u00eda ser\u00e1 en M\u00e9rida, el pr\u00f3ximo viernes. Por ello, ya se est\u00e1 calentando el ambiente pre-conciertil y en <a href=\"https:\/\/www.fenrique.com\/blog\/2008\/06\/03\/empieza-el-pre-concierto-de-merida-de-manolo-garcia\/\" class=\"more-link\">[&hellip;]<\/a><\/p>\n","protected":false},"author":2,"featured_media":0,"comment_status":"open","ping_status":"open","sticky":false,"template":"","format":"standard","meta":{"_exactmetrics_skip_tracking":false,"_exactmetrics_sitenote_active":false,"_exactmetrics_sitenote_note":"","_exactmetrics_sitenote_category":0,"Layout":"","jetpack_post_was_ever_published":false,"_jetpack_newsletter_access":"","_jetpack_dont_email_post_to_subs":false,"_jetpack_newsletter_tier_id":0,"_jetpack_memberships_contains_paywalled_content":false,"_jetpack_memberships_contains_paid_content":false,"footnotes":"","jetpack_publicize_message":"","jetpack_publicize_feature_enabled":true,"jetpack_social_post_already_shared":false,"jetpack_social_options":{"image_generator_settings":{"template":"highway","default_image_id":0,"font":"","enabled":false},"version":2}},"categories":[11,233],"tags":[433,1163,708,4745,231,849],"class_list":["entry","author-fenrique","post-332","post","type-post","status-publish","format-standard","category-de-viaje","category-manolo-garcia","tag-433","tag-6-junio","tag-gira","tag-manolo-garcia","tag-merida","tag-saldremos-a-la-lluvia"],"jetpack_publicize_connections":[],"jetpack_featured_media_url":"","jetpack_shortlink":"https:\/\/wp.me\/p172Ei-5m","jetpack_likes_enabled":true,"jetpack_sharing_enabled":true,"_links":{"self":[{"href":"https:\/\/www.fenrique.com\/blog\/wp-json\/wp\/v2\/posts\/332","targetHints":{"allow":["GET"]}}],"collection":[{"href":"https:\/\/www.fenrique.com\/blog\/wp-json\/wp\/v2\/posts"}],"about":[{"href":"https:\/\/www.fenrique.com\/blog\/wp-json\/wp\/v2\/types\/post"}],"author":[{"embeddable":true,"href":"https:\/\/www.fenrique.com\/blog\/wp-json\/wp\/v2\/users\/2"}],"replies":[{"embeddable":true,"href":"https:\/\/www.fenrique.com\/blog\/wp-json\/wp\/v2\/comments?post=332"}],"version-history":[{"count":0,"href":"https:\/\/www.fenrique.com\/blog\/wp-json\/wp\/v2\/posts\/332\/revisions"}],"wp:attachment":[{"href":"https:\/\/www.fenrique.com\/blog\/wp-json\/wp\/v2\/media?parent=332"}],"wp:term":[{"taxonomy":"category","embeddable":true,"href":"https:\/\/www.fenrique.com\/blog\/wp-json\/wp\/v2\/categories?post=332"},{"taxonomy":"post_tag","embeddable":true,"href":"https:\/\/www.fenrique.com\/blog\/wp-json\/wp\/v2\/tags?post=332"}],"curies":[{"name":"wp","href":"https:\/\/api.w.org\/{rel}","templated":true}]}}