{"id":33,"date":"2007-10-26T13:41:05","date_gmt":"2007-10-26T11:41:05","guid":{"rendered":"http:\/\/www.fenrique.com\/blog\/archives\/33"},"modified":"2008-01-04T11:17:49","modified_gmt":"2008-01-04T10:17:49","slug":"efindex-2007","status":"publish","type":"post","link":"https:\/\/www.fenrique.com\/blog\/2007\/10\/26\/efindex-2007\/","title":{"rendered":"Efindex 2007"},"content":{"rendered":"<p style=\"text-align: justify\">Aunque seguramente estar\u00e9 en las Jornadas trabajando, me he inscrito a eFindEx  como blogger. Aqu\u00ed\u00ad ten\u00e9is el enlace, en la imagen, para entrar en la web, e inscribiros vosotros-as mismos-as, lo cual os recomiendo<\/p>\n<p style=\"text-align: justify\"><a href=\"http:\/\/www.efindex.es\/\" target=\"_blank\"><img decoding=\"async\" src=\"http:\/\/www.efindex.es\/wp-content\/themes\/efindex07\/images\/banner-ins-bg.png\" title=\"enlace efindex\" alt=\"enlace efindex\" \/><\/a><\/p>\n<p style=\"text-align: justify\">Las Jornadas se celebrar\u00e1n en el Complejo Cultural El Brocense (San Francisco) de C\u00e1ceres, durante el puente del 1 de noviembre, concretamente los d\u00c3\u00adas 2, 3 y 4. En la web est\u00e1n ya reflejadas todas las mesas, ponencias, talleres, ponentes, etc, etc.<\/p>\n<p style=\"text-align: justify\">All\u00ed\u00ad nos vemos!<\/p>\n","protected":false},"excerpt":{"rendered":"<p>Aunque seguramente estar\u00e9 en las Jornadas trabajando, me he inscrito a eFindEx como blogger. Aqu\u00ed\u00ad ten\u00e9is el enlace, en la imagen, para entrar en la web, e inscribiros vosotros-as mismos-as, <a href=\"https:\/\/www.fenrique.com\/blog\/2007\/10\/26\/efindex-2007\/\" class=\"more-link\">[&hellip;]<\/a><\/p>\n","protected":false},"author":2,"featured_media":0,"comment_status":"open","ping_status":"open","sticky":false,"template":"","format":"standard","meta":{"_exactmetrics_skip_tracking":false,"_exactmetrics_sitenote_active":false,"_exactmetrics_sitenote_note":"","_exactmetrics_sitenote_category":0,"Layout":"","jetpack_post_was_ever_published":false,"_jetpack_newsletter_access":"","_jetpack_dont_email_post_to_subs":false,"_jetpack_newsletter_tier_id":0,"_jetpack_memberships_contains_paywalled_content":false,"_jetpack_memberships_contains_paid_content":false,"footnotes":"","jetpack_publicize_message":"","jetpack_publicize_feature_enabled":true,"jetpack_social_post_already_shared":false,"jetpack_social_options":{"image_generator_settings":{"template":"highway","default_image_id":0,"font":"","enabled":false},"version":2}},"categories":[7,5,6],"tags":[4742,110,111],"class_list":["entry","author-fenrique","post-33","post","type-post","status-publish","format-standard","category-fenrique-piensa-que","category-personal-y-transferible","category-yo-y-mi-ego","tag-caceres","tag-efindex","tag-inscripcion"],"jetpack_publicize_connections":[],"jetpack_featured_media_url":"","jetpack_shortlink":"https:\/\/wp.me\/p172Ei-x","jetpack_likes_enabled":true,"jetpack_sharing_enabled":true,"_links":{"self":[{"href":"https:\/\/www.fenrique.com\/blog\/wp-json\/wp\/v2\/posts\/33","targetHints":{"allow":["GET"]}}],"collection":[{"href":"https:\/\/www.fenrique.com\/blog\/wp-json\/wp\/v2\/posts"}],"about":[{"href":"https:\/\/www.fenrique.com\/blog\/wp-json\/wp\/v2\/types\/post"}],"author":[{"embeddable":true,"href":"https:\/\/www.fenrique.com\/blog\/wp-json\/wp\/v2\/users\/2"}],"replies":[{"embeddable":true,"href":"https:\/\/www.fenrique.com\/blog\/wp-json\/wp\/v2\/comments?post=33"}],"version-history":[{"count":0,"href":"https:\/\/www.fenrique.com\/blog\/wp-json\/wp\/v2\/posts\/33\/revisions"}],"wp:attachment":[{"href":"https:\/\/www.fenrique.com\/blog\/wp-json\/wp\/v2\/media?parent=33"}],"wp:term":[{"taxonomy":"category","embeddable":true,"href":"https:\/\/www.fenrique.com\/blog\/wp-json\/wp\/v2\/categories?post=33"},{"taxonomy":"post_tag","embeddable":true,"href":"https:\/\/www.fenrique.com\/blog\/wp-json\/wp\/v2\/tags?post=33"}],"curies":[{"name":"wp","href":"https:\/\/api.w.org\/{rel}","templated":true}]}}