{"id":312,"date":"2008-05-20T17:47:27","date_gmt":"2008-05-20T15:47:27","guid":{"rendered":"http:\/\/www.fenrique.com\/blog\/archives\/312"},"modified":"2008-05-21T17:27:55","modified_gmt":"2008-05-21T15:27:55","slug":"desafortunada-imagen","status":"publish","type":"post","link":"https:\/\/www.fenrique.com\/blog\/2008\/05\/20\/desafortunada-imagen\/","title":{"rendered":"Desafortunada imagen"},"content":{"rendered":"<p>Acabo de entrar, por curiosidad, en la web del Real Madrid, para confirmar el fichaje del central del Racing, Garay y veo esta imagen:<\/p>\n<table border=\"0\">\n<tr>\n<td><img loading=\"lazy\" decoding=\"async\" src=\"http:\/\/uploads.screenshot-program.com\/th028001e04b000-6060905320.jpg\" alt=\"realmadrid.com\" height=\"235\" width=\"499\" \/><\/td>\n<\/tr>\n<\/table>\n<p>Tengo que decir que espero que se trate de un error, pero me ha parecido de mal gusto que en la foto salga, aunque parcialmente, el s\u00edmbolo de la falange, las flechas.<\/p>\n<p>La foto, desde luego es muy buena, con Mijatovic (actual dirigente del club) celebrando el gol, pero con ese detalle de fondo.<\/p>\n<p>Seguramente en mucho pa\u00edses del mundo no sabr\u00e1n que son las flechas, pero&#8230; no la pod\u00edan haber quitado? Es muy sencillo, con el mismo paint, pintando en negro, como he hecho yo:<\/p>\n<table border=\"0\">\n<tr>\n<td><img loading=\"lazy\" decoding=\"async\" src=\"http:\/\/uploads.screenshot-program.com\/th028001e04b000-3973622713.jpg\" alt=\"retocado con paint\" height=\"230\" width=\"499\" \/><\/td>\n<\/tr>\n<\/table>\n<p>. Pero han preferido dejarlas. Me queda la duda de que si ha sido un descuido o las han mantenido a drede&#8230;?<\/p>\n<p>qu\u00e9 opin\u00e1is vosotros?<\/p>\n","protected":false},"excerpt":{"rendered":"<p>Acabo de entrar, por curiosidad, en la web del Real Madrid, para confirmar el fichaje del central del Racing, Garay y veo esta imagen: Tengo que decir que espero que <a href=\"https:\/\/www.fenrique.com\/blog\/2008\/05\/20\/desafortunada-imagen\/\" class=\"more-link\">[&hellip;]<\/a><\/p>\n","protected":false},"author":2,"featured_media":0,"comment_status":"open","ping_status":"open","sticky":false,"template":"","format":"standard","meta":{"_exactmetrics_skip_tracking":false,"_exactmetrics_sitenote_active":false,"_exactmetrics_sitenote_note":"","_exactmetrics_sitenote_category":0,"Layout":"","jetpack_post_was_ever_published":false,"_jetpack_newsletter_access":"","_jetpack_dont_email_post_to_subs":false,"_jetpack_newsletter_tier_id":0,"_jetpack_memberships_contains_paywalled_content":false,"_jetpack_memberships_contains_paid_content":false,"footnotes":"","jetpack_publicize_message":"","jetpack_publicize_feature_enabled":true,"jetpack_social_post_already_shared":false,"jetpack_social_options":{"image_generator_settings":{"template":"highway","default_image_id":0,"font":"","enabled":false},"version":2}},"categories":[5],"tags":[1078,1083,1084,1079,91,1077,1081,1080,1082],"class_list":["entry","author-fenrique","post-312","post","type-post","status-publish","format-standard","category-personal-y-transferible","tag-falange","tag-falangistas","tag-franquistas","tag-la-septima","tag-madrid","tag-mijatovic","tag-real","tag-real-madrid","tag-web"],"jetpack_publicize_connections":[],"jetpack_featured_media_url":"","jetpack_shortlink":"https:\/\/wp.me\/p172Ei-52","jetpack_likes_enabled":true,"jetpack_sharing_enabled":true,"_links":{"self":[{"href":"https:\/\/www.fenrique.com\/blog\/wp-json\/wp\/v2\/posts\/312","targetHints":{"allow":["GET"]}}],"collection":[{"href":"https:\/\/www.fenrique.com\/blog\/wp-json\/wp\/v2\/posts"}],"about":[{"href":"https:\/\/www.fenrique.com\/blog\/wp-json\/wp\/v2\/types\/post"}],"author":[{"embeddable":true,"href":"https:\/\/www.fenrique.com\/blog\/wp-json\/wp\/v2\/users\/2"}],"replies":[{"embeddable":true,"href":"https:\/\/www.fenrique.com\/blog\/wp-json\/wp\/v2\/comments?post=312"}],"version-history":[{"count":0,"href":"https:\/\/www.fenrique.com\/blog\/wp-json\/wp\/v2\/posts\/312\/revisions"}],"wp:attachment":[{"href":"https:\/\/www.fenrique.com\/blog\/wp-json\/wp\/v2\/media?parent=312"}],"wp:term":[{"taxonomy":"category","embeddable":true,"href":"https:\/\/www.fenrique.com\/blog\/wp-json\/wp\/v2\/categories?post=312"},{"taxonomy":"post_tag","embeddable":true,"href":"https:\/\/www.fenrique.com\/blog\/wp-json\/wp\/v2\/tags?post=312"}],"curies":[{"name":"wp","href":"https:\/\/api.w.org\/{rel}","templated":true}]}}