{"id":304,"date":"2008-05-14T11:46:06","date_gmt":"2008-05-14T09:46:06","guid":{"rendered":"http:\/\/www.fenrique.com\/blog\/archives\/304"},"modified":"2008-05-14T11:46:06","modified_gmt":"2008-05-14T09:46:06","slug":"concurso-de-fotografia-digital-dia-de-internet","status":"publish","type":"post","link":"https:\/\/www.fenrique.com\/blog\/2008\/05\/14\/concurso-de-fotografia-digital-dia-de-internet\/","title":{"rendered":"Concurso de fotograf\u00eda digital \u00abD\u00eda de Internet\u00bb"},"content":{"rendered":"<p>EXTREMADURA, NI TE LA IMAGINAS &#8211; Bases<\/p>\n<p>El tema del Concurso de Fotograf\u00eda <span style=\"color: #993300\"><strong>\u00abExtremadura, ni te la imaginas\u00bb<\/strong><\/span>, tiene como base capturar im\u00e1genes en las que se vea el actual uso de las tecnolog\u00edas en nuestra sociedad, y el cambio en estos \u00faltimos a\u00f1os, intentando plasmar la repercusi\u00f3n que han tenido en nuestras vidas la Sociedad de la Informaci\u00f3n, con especial atenci\u00f3n a las gentes y lugares de Extremadura.<\/p>\n<p>\u00abNo te pod\u00edas imaginat hace unos a\u00f1os, que hoy en d\u00eda la gente se pudiera conectar a Internet desde las Plazas de nuestros pueblos por acceso wifi, o desde una de las dehesas de Extremadura con tecnolog\u00eda GSM, etc&#8230;\u00bb<\/p>\n<p><!-- El objeto de las fotograf&iacute;as de este concurso son im&aacute;genes que intenten  mostrar c&oacute;mo la tecnolog&iacute;a ha influido beneficiosamente y  ha entrado a formar parte de nuestras vidas, de nuestras casas, paisajes, etc.\n\n--> PARTICIPANTES: Podr\u00e1n participar todas las ciudadanas y ciudadanos mayores de 16 a\u00f1os.<\/p>\n<p>TEMA:Im\u00e1genes que intenten mostrar c\u00f3mo la tecnolog\u00eda ha influido beneficiosamente y ha entrado a formar parte de nuestras vidas, de nuestras casas, paisajes, etc.<\/p>\n<p>Las fotograf\u00edas deber\u00e1n ser \u00fanicas y originales, valor\u00e1ndose especialmente la creatividad de las mismas y cuidando su idoneidad y expresividad en relaci\u00f3n con el motivo de este concurso. No podr\u00e1n ser retocadas con ning\u00fan programa inform\u00e1tico, si as\u00ed se detectara ser\u00e1n autom\u00e1ticamente descartadas.<\/p>\n<p>FORMATO:Cada participante podr\u00e1 enviar un m\u00e1ximo de 3 fotograf\u00edas al concurso. Si bien un mismo participante no podr\u00e1 recibir m\u00e1s de un premio. Las obras se entregar\u00e1n en formato digital, por correo electr\u00f3nico a la direcci\u00f3n: diadeinternet[arroba]nccextremadura.org<\/p>\n<p>La fotograf\u00edas se pueden enviar en cualquier formato jpg, gif, bmp,&#8230;. con una resoluci\u00f3n m\u00ednima de 850 x 638 px y m\u00e1xima de 1632 x 1224 px. y no deber\u00e1 ocupar mas de 2 Mb de espacio.<\/p>\n<p>Junto a cada fotograf\u00eda deber\u00e1n indicarse:<\/p>\n<blockquote><p> \tDatos completos del autor y seud\u00f3nimo.<br \/>\nT\u00edtulo de la fotograf\u00eda<br \/>\nA\u00f1o y lugar de realizaci\u00f3n de la fotograf\u00eda<br \/>\nComentario (opcional)<\/p><\/blockquote>\n<p>PLAZOS: La recogida de fotograf\u00edas ser\u00e1 desde el d\u00eda 1 al 17 de Mayo de 2008. En la web <a href=\"http:\/\/www.nccextremadura.org\/eventos2008\/diainternet\" title=\"Ir a la web del d\u00eda de Internet\">http:\/\/www.nccextremadura.org\/eventos2008\/diainternet<\/a> ser\u00e1n expuestas todas las fotograf\u00edas a concurso.<\/p>\n<p>Del 19 al 23 de Mayo se abre el per\u00edodo de votaci\u00f3n. A trav\u00e9s de la web los usuarios podr\u00e1n votar la mejor fotograf\u00eda.<\/p>\n<p>La fotograf\u00eda que mas puntos obtenga aparecer\u00e1 como ganadora el d\u00eda 26 de Mayo de 2008 en  <a href=\"http:\/\/www.nccextremadura.org\/eventos2008\/diainternet\" title=\"Ir a la web del d\u00eda de Internet\">http:\/\/www.nccextremadura.org\/eventos2008\/diainternet<\/a>.<\/p>\n<p>PREMIOS: Habr\u00e1 un \u00fanico premio consistente en una CAMARA DIGITAL cedida por la <a href=\"http:\/\/www.fundacionciudadania.es\/\" title=\"Web oficial Fundaci\u00f3n Ciudadan\u00eda\">Fundaci\u00f3n Ciudadan\u00eda<\/a>.<\/p>\n<ul>\n<li> <img decoding=\"async\" src=\"http:\/\/www.nccextremadura.org\/eventos2008\/diainternet\/img\/premio.jpg\" alt=\"Camara Digital KODAK\" align=\"left\" \/> <strong>C\u00e1mara de 6,2 MP para copias de hasta 50 cm x 76 cm (20 pulg. x 30 pulg.)<\/strong>\n<p><strong>Zoom \u00f3ptico de 3 aumentos<\/strong><\/p>\n<p><strong>Estabilizaci\u00f3n de la imagen digital<\/strong><\/p>\n<p><strong>Pantalla en color de 61 mm (2,4 pulg.) para interiores y exteriores<\/strong><\/p>\n<p><strong>Valores altos de ISO<\/strong><\/p>\n<p><strong>Funciones de v\u00eddeo avanzadas<\/strong><\/p>\n<p><strong>16 modos de escena y 3 modos de color<\/strong><\/p>\n<p><strong>M\u00e1s info<\/strong> <a href=\"http:\/\/www.kodak.com\/eknec\/PageQuerier.jhtml?pq-path=9\/11920\/32\/10761\/10762&amp;pq-locale=es_AR\" title=\"Ver caracteristicas de la camara\" target=\"_blank\">AQU\u00cd<\/a><\/li>\n<\/ul>\n<p>DERECHOS:En concursante debe ser el \u00fanico titular de los derechos de autor de la fotograf\u00eda enviada y asegurarse de que terceras personas no puedan reclamar ning\u00fan derecho con respecto a las fotograf\u00edas que presente al Concurso.<\/p>\n<p>El Plan de Alfabetizaci\u00f3n Tecnol\u00f3gica (PAT). reproducir\u00e1 en la Galer\u00eda de im\u00e1genes de la web del concurso las fotograf\u00edas (acompa\u00f1adas siempre del seud\u00f3nimo) a medida que \u00e9stas se vayan recibiendo.<\/p>\n<p>La fotograf\u00eda ganadora pasar\u00e1 a disposici\u00f3n del PAT para su publicaci\u00f3n bajo licencia creative commons (con reconocimiento). La participaci\u00f3n en este concurso, lleva consigo la aceptaci\u00f3n de todas las bases expresadas en este documento.<\/p>\n<p>Todo trabajo que no cumpla los requisitos expuestos en las bases, ser\u00e1 rechazado.<\/p>\n<p>No se aceptar\u00e1n obras que por su contenido puedan ofender, herir o da\u00f1ar los derechos, sentimientos y\/o creencias de terceros.<\/p>\n","protected":false},"excerpt":{"rendered":"<p>EXTREMADURA, NI TE LA IMAGINAS &#8211; Bases El tema del Concurso de Fotograf\u00eda \u00abExtremadura, ni te la imaginas\u00bb, tiene como base capturar im\u00e1genes en las que se vea el actual <a href=\"https:\/\/www.fenrique.com\/blog\/2008\/05\/14\/concurso-de-fotografia-digital-dia-de-internet\/\" class=\"more-link\">[&hellip;]<\/a><\/p>\n","protected":false},"author":2,"featured_media":0,"comment_status":"open","ping_status":"open","sticky":false,"template":"","format":"standard","meta":{"_exactmetrics_skip_tracking":false,"_exactmetrics_sitenote_active":false,"_exactmetrics_sitenote_note":"","_exactmetrics_sitenote_category":0,"Layout":"","jetpack_post_was_ever_published":false,"_jetpack_newsletter_access":"","_jetpack_dont_email_post_to_subs":false,"_jetpack_newsletter_tier_id":0,"_jetpack_memberships_contains_paywalled_content":false,"_jetpack_memberships_contains_paid_content":false,"footnotes":"","jetpack_publicize_message":"","jetpack_publicize_feature_enabled":true,"jetpack_social_post_already_shared":false,"jetpack_social_options":{"image_generator_settings":{"template":"highway","default_image_id":0,"font":"","enabled":false},"version":2}},"categories":[5],"tags":[1050,1051,35,1053,1054,920,1052],"class_list":["entry","author-fenrique","post-304","post","type-post","status-publish","format-standard","category-personal-y-transferible","tag-concurso-de-fotos","tag-dia-de-internet","tag-extremadura","tag-fotos","tag-kodak","tag-linex","tag-plan-de-alfabetizacion-tecnologica"],"jetpack_publicize_connections":[],"jetpack_featured_media_url":"","jetpack_shortlink":"https:\/\/wp.me\/p172Ei-4U","jetpack_likes_enabled":true,"jetpack_sharing_enabled":true,"_links":{"self":[{"href":"https:\/\/www.fenrique.com\/blog\/wp-json\/wp\/v2\/posts\/304","targetHints":{"allow":["GET"]}}],"collection":[{"href":"https:\/\/www.fenrique.com\/blog\/wp-json\/wp\/v2\/posts"}],"about":[{"href":"https:\/\/www.fenrique.com\/blog\/wp-json\/wp\/v2\/types\/post"}],"author":[{"embeddable":true,"href":"https:\/\/www.fenrique.com\/blog\/wp-json\/wp\/v2\/users\/2"}],"replies":[{"embeddable":true,"href":"https:\/\/www.fenrique.com\/blog\/wp-json\/wp\/v2\/comments?post=304"}],"version-history":[{"count":0,"href":"https:\/\/www.fenrique.com\/blog\/wp-json\/wp\/v2\/posts\/304\/revisions"}],"wp:attachment":[{"href":"https:\/\/www.fenrique.com\/blog\/wp-json\/wp\/v2\/media?parent=304"}],"wp:term":[{"taxonomy":"category","embeddable":true,"href":"https:\/\/www.fenrique.com\/blog\/wp-json\/wp\/v2\/categories?post=304"},{"taxonomy":"post_tag","embeddable":true,"href":"https:\/\/www.fenrique.com\/blog\/wp-json\/wp\/v2\/tags?post=304"}],"curies":[{"name":"wp","href":"https:\/\/api.w.org\/{rel}","templated":true}]}}