{"id":260,"date":"2008-04-16T18:37:30","date_gmt":"2008-04-16T16:37:30","guid":{"rendered":"http:\/\/www.fenrique.com\/blog\/archives\/260"},"modified":"2008-04-16T17:40:43","modified_gmt":"2008-04-16T15:40:43","slug":"dema-organiza-el-dia-del-primilla","status":"publish","type":"post","link":"https:\/\/www.fenrique.com\/blog\/2008\/04\/16\/dema-organiza-el-dia-del-primilla\/","title":{"rendered":"DEMA ORGANIZA EL D\u00cdA DEL PRIMILLA"},"content":{"rendered":"<p align=\"justify\">Os pongo una nota de prensa que me ha llegado para darle la mayor difusi\u00f3n posible:<\/p>\n<p align=\"justify\">&nbsp;<\/p>\n<p align=\"justify\">Para el pr\u00f3ximo jueves d\u00eda 17 de abril de 2008 DEMA ha organizado el \u00abD\u00eda del Primilla\u00bb. Se celebrar\u00e1 en la Plaza de Espa\u00f1a, junto a la Iglesia de la Purificaci\u00f3n y van a plantearse diversas actividades, talleres y exposiciones al aire libre abiertos a todas las personas.<\/p>\n<p align=\"justify\">Se instalar\u00e1n cuatro carpas en la Plaza de Espa\u00f1a para la realizaci\u00f3n de las acciones siguientes:<\/p>\n<p align=\"justify\">Observaci\u00f3n directa con telescopios y prism\u00e1ticos de los Cern\u00edcalos Primilla de la colonia existente en la torre y tejado de la Iglesia de la Purificaci\u00f3n.<br \/>\nExposici\u00f3n de paneles sobre Halcones del Mediterr\u00e1neo.<\/p>\n<p align=\"justify\">Taller de reciclaje: \u00abEl Primilla Volador\u00bb<\/p>\n<p align=\"justify\">Taller de caretas<\/p>\n<p align=\"justify\">Taller \u00abConoce a tu vecino, el Cern\u00edcalo Primilla\u00bb<\/p>\n<p align=\"justify\">Dibuja tu naturaleza<\/p>\n<p align=\"justify\">Concursos, juegos&#8230;<\/p>\n<p align=\"justify\">Tenderete \u00abMucho Primilla\u00bb<\/p>\n<p align=\"justify\">Las actividades se realizar\u00e1n durante todo el d\u00eda comenzando a partir de las 10:00 de la ma\u00f1ana, hasta las 14:00 del medio d\u00eda y continuando por la tarde desde las 17:00 a las 21:00h.<\/p>\n<p align=\"justify\">Con estas acciones la Organizaci\u00f3n Defensa y Estudio del Medio Ambiente pretende llamar la atenci\u00f3n sobre esta especie amenazada y seguir con la labor de sensibilizar a todos hacia la conservaci\u00f3n de este peque\u00f1o halc\u00f3n urbano y sus h\u00e1bitats de cr\u00eda y alimentaci\u00f3n.<\/p>\n<p align=\"justify\">Al realizar esta actividad al pi\u00e9 de la Iglesia de la Purificaci\u00f3n, se pretende adem\u00e1s informar directamente en la calle de la importancia que el enclave tiene, desde hace 18 a\u00f1os, en la conservaci\u00f3n del Cern\u00edcalo Primilla en Europa.<\/p>\n<p align=\"justify\">Almendralejo se ha convertido en referencia mundial en la conservaci\u00f3n del Cern\u00edcalo Primilla al proclamarse como la primera ZEPA de Europa contemplada dentro de un casco urbano.<\/p>\n<p align=\"justify\">DEMA cuenta para este evento con la colaboraci\u00f3n de la Concejal\u00eda de Medio Ambiente del Excmo. Ayuntamiento de Almendralejo, Direcci\u00f3n General de Medio Natural de la Consejer\u00eda de Industria, Energ\u00eda y Medio Ambiente, Fundaci\u00f3n Territorio y Paisaje de Caixa Catalu\u00f1a , Federaci\u00f3n de Asociaciones Conocer y Proteger la Naturaleza CPN, Proyecto Life-UE.<\/p>\n<p align=\"justify\">Almendralejo 15 de abril de 2006<\/p>\n<p align=\"justify\"><img loading=\"lazy\" decoding=\"async\" src=\"http:\/\/www.riberadelfresno.org\/cartel_primilla.jpg\" alt=\"cartel primilla\" style=\"width: 500px; height: 713px\" height=\"713\" width=\"500\" \/><\/p>\n","protected":false},"excerpt":{"rendered":"<p>Os pongo una nota de prensa que me ha llegado para darle la mayor difusi\u00f3n posible: &nbsp; Para el pr\u00f3ximo jueves d\u00eda 17 de abril de 2008 DEMA ha organizado <a href=\"https:\/\/www.fenrique.com\/blog\/2008\/04\/16\/dema-organiza-el-dia-del-primilla\/\" class=\"more-link\">[&hellip;]<\/a><\/p>\n","protected":false},"author":2,"featured_media":0,"comment_status":"open","ping_status":"open","sticky":false,"template":"","format":"standard","meta":{"_exactmetrics_skip_tracking":false,"_exactmetrics_sitenote_active":false,"_exactmetrics_sitenote_note":"","_exactmetrics_sitenote_category":0,"Layout":"","jetpack_post_was_ever_published":false,"_jetpack_newsletter_access":"","_jetpack_dont_email_post_to_subs":false,"_jetpack_newsletter_tier_id":0,"_jetpack_memberships_contains_paywalled_content":false,"_jetpack_memberships_contains_paid_content":false,"footnotes":"","jetpack_publicize_message":"","jetpack_publicize_feature_enabled":true,"jetpack_social_post_already_shared":false,"jetpack_social_options":{"image_generator_settings":{"template":"highway","default_image_id":0,"font":"","enabled":false},"version":2}},"categories":[5],"tags":[650,858,856,857,859,324,855],"class_list":["entry","author-fenrique","post-260","post","type-post","status-publish","format-standard","category-personal-y-transferible","tag-almendralejo","tag-cernicalo-primilla","tag-dema","tag-ecologista","tag-festival","tag-fiesta","tag-primilla"],"jetpack_publicize_connections":[],"jetpack_featured_media_url":"","jetpack_shortlink":"https:\/\/wp.me\/p172Ei-4c","jetpack_likes_enabled":true,"jetpack_sharing_enabled":true,"_links":{"self":[{"href":"https:\/\/www.fenrique.com\/blog\/wp-json\/wp\/v2\/posts\/260","targetHints":{"allow":["GET"]}}],"collection":[{"href":"https:\/\/www.fenrique.com\/blog\/wp-json\/wp\/v2\/posts"}],"about":[{"href":"https:\/\/www.fenrique.com\/blog\/wp-json\/wp\/v2\/types\/post"}],"author":[{"embeddable":true,"href":"https:\/\/www.fenrique.com\/blog\/wp-json\/wp\/v2\/users\/2"}],"replies":[{"embeddable":true,"href":"https:\/\/www.fenrique.com\/blog\/wp-json\/wp\/v2\/comments?post=260"}],"version-history":[{"count":0,"href":"https:\/\/www.fenrique.com\/blog\/wp-json\/wp\/v2\/posts\/260\/revisions"}],"wp:attachment":[{"href":"https:\/\/www.fenrique.com\/blog\/wp-json\/wp\/v2\/media?parent=260"}],"wp:term":[{"taxonomy":"category","embeddable":true,"href":"https:\/\/www.fenrique.com\/blog\/wp-json\/wp\/v2\/categories?post=260"},{"taxonomy":"post_tag","embeddable":true,"href":"https:\/\/www.fenrique.com\/blog\/wp-json\/wp\/v2\/tags?post=260"}],"curies":[{"name":"wp","href":"https:\/\/api.w.org\/{rel}","templated":true}]}}