{"id":246,"date":"2008-04-08T09:43:57","date_gmt":"2008-04-08T07:43:57","guid":{"rendered":"http:\/\/www.fenrique.com\/blog\/archives\/246"},"modified":"2008-04-08T09:48:06","modified_gmt":"2008-04-08T07:48:06","slug":"concurso-de-diseno-de-cartel-para-el-festival-internacional-de-folk-de-plasencia-2008","status":"publish","type":"post","link":"https:\/\/www.fenrique.com\/blog\/2008\/04\/08\/concurso-de-diseno-de-cartel-para-el-festival-internacional-de-folk-de-plasencia-2008\/","title":{"rendered":"Concurso de dise\u00f1o de Cartel para el Festival Internacional de Folk de Plasencia 2008"},"content":{"rendered":"<p align=\"justify\">Hace un ratito me han llegado por correo electr\u00f3nico las bases de este concurso, dotado con un \u00fanico premio de 500\u20ac, que os pongo aqu\u00ed mismo:<\/p>\n<p align=\"justify\">Por Resoluci\u00f3n de la junta de  Gobierno de este Ayuntamiento de fecha 28 de marzo, se aprueban las siguientes bases, que han quedado redactadas tal y como se refleja a continuaci\u00f3n:<\/p>\n<h2 align=\"justify\"><strong>PRIMERA.- OBJETO<\/strong><\/h2>\n<p align=\"justify\">Las presentes Bases tienen por objeto la regulaci\u00f3n de un Concurso Internacional para el dise\u00f1o del Cartel Oficial del XIII Festival Internacional Folk de Plasencia del a\u00f1o 2008.<\/p>\n<h2 align=\"justify\">OBRA A PRESENTAR<\/h2>\n<p align=\"justify\"><strong>1.- CARTEL OFICIAL DEL FESTIVAL<\/strong><\/p>\n<p align=\"justify\">En este concepto se engloba la presentaci\u00f3n del cartel principal, creativo, con las condiciones y requisitos se\u00f1alados en las presentes bases.<\/p>\n<p align=\"justify\"><strong>2.- DISE\u00d1OS Y ADAPTACIONES<\/strong><\/p>\n<p align=\"justify\">El ganador de este concurso se obliga, en el plazo de 15 d\u00edas desde la fecha de la notificaci\u00f3n p\u00fablica del fallo, a presentar al Ayuntamiento las siguientes adaptaciones del cartel ganador:<\/p>\n<p align=\"justify\">Cartel con inserciones publicitarias y actuaciones musicales.<\/p>\n<p align=\"justify\">Polid\u00edptico de promoci\u00f3n del Festival, seg\u00fan las medidas y caracter\u00edsticas que se faciliten.<\/p>\n<p align=\"justify\">Adaptaci\u00f3n del cartel para su grabaci\u00f3n en camisetas y dem\u00e1s productos promocionales del Festival, en varios tipos de tama\u00f1os, y a dos colores.<\/p>\n<p align=\"justify\">Los datos y caracter\u00edsticas para las adaptaciones ser\u00e1n facilitados por el Ayuntamiento.<\/p>\n<p align=\"justify\"><!--more--><\/p>\n<h2 align=\"justify\">SEGUNDA.- Participantes<\/h2>\n<p align=\"justify\">Podr\u00e1n participar en el concurso tanto personas f\u00edsicas como jur\u00eddicas, individualmente o en equipo.<\/p>\n<h2 align=\"justify\"><strong>TERCERA.- Tema, caracter\u00edsticas t\u00e9cnicas, rotulaci\u00f3n y lema:<\/strong><\/h2>\n<p align=\"justify\"><strong>A.- Tema:<\/strong><\/p>\n<p align=\"justify\">El asunto de las obras presentadas deber\u00e1 referirse al Festival Internacional Folk de Plasencia, en cualquiera de sus aspectos. El autor\/es intentar\u00e1n plasmar hechos o referencias del Festival en la propuesta, destinada a ser utilizada como imagen oficial del certamen en la campa\u00f1a de publicidad exterior.<\/p>\n<p align=\"justify\">Los trabajos han de ser originales e in\u00e9ditos, no habiendo sido presentados a otros concursos, y sus autores ser\u00e1n responsables ante el Ayuntamiento y frente a terceros, del cumplimiento de lo establecido en estas bases. El incumplimiento de este apartado dar\u00e1 lugar a la exclusi\u00f3n del concurso, al margen de las consecuencias legales que puedan derivarse.<\/p>\n<p align=\"justify\">En caso de que los carteles contengan alg\u00fan tipo de elemento no original, para ser adaptado en la presentaci\u00f3n del trabajo original, el autor\/es deber\u00e1n disponer de los derechos de reproducci\u00f3n adecuados que tendr\u00e1n que presentar con el resto de la documentaci\u00f3n.<\/p>\n<p align=\"justify\"><strong>B.- Caracter\u00edsticas t\u00e9cnicas:<\/strong><\/p>\n<p align=\"justify\">Las obras presentadas ser\u00e1n de concepci\u00f3n y t\u00e9cnicas libres, siempre que sea posible su reproducci\u00f3n.<\/p>\n<p align=\"justify\">Los carteles se presentar\u00e1n montados a sangre sobre cart\u00f3n pluma o soporte r\u00edgido, de entre 1 y 3 cm de espesor, sin cristal protector ni marco. Su formato ser\u00e1 vertical y el tama\u00f1o ser\u00e1 de 50 cm de ancho x 70 cm de altura.<\/p>\n<p align=\"justify\">Los autores que opten por realizar sus obras mediante sistemas inform\u00e1ticos deber\u00e1n aportar una reproducci\u00f3n a color con las medidas y dem\u00e1s caracter\u00edsticas anteriormente indicadas, as\u00ed como el correspondiente soporte digital o similar con todos los ficheros necesarios para la obtenci\u00f3n de fotolitos, una ficha t\u00e9cnica de los procedimientos empleados, incluyendo las fuentes utilizadas y, si fuera el caso, los originales de las im\u00e1genes digitalizadas en su formato tiff, jpeg u otros de uso p\u00fablico.<\/p>\n<p align=\"justify\">No se admitir\u00e1n im\u00e1genes digitalizadas en formatos de programas sometidos a derechos y\/o licencias de uso que no permitan el uso p\u00fablico de los mismos.<\/p>\n<p align=\"justify\">No se establecen l\u00edmites en la composici\u00f3n art\u00edstica de los carteles, quedando a la total libertad de sus autores la elecci\u00f3n de colores y el n\u00famero de estos, representaciones gr\u00e1ficas, motivos pict\u00f3ricos, etc.<\/p>\n<p align=\"justify\"><strong>C.- Rotulaci\u00f3n<\/strong><\/p>\n<p align=\"justify\">Los carteles no contendr\u00e1n ning\u00fan tipo de rotulaci\u00f3n ni leyenda. En el caso de que al autor\/es del trabajo estimen necesario o adecuado incorporar alguna rotulaci\u00f3n o leyenda, esta deber\u00e1 ser necesariamente alguna de las propias del festival o del Ayuntamiento, para lo cual el Ayuntamiento los autoriza expresamente, y que son las siguientes: logotipo oficial del festival, nombre y graf\u00eda oficial, escudo del Ayuntamiento o nombre del Ayuntamiento.<\/p>\n<p align=\"justify\"><strong>D.- Lema<\/strong><\/p>\n<p align=\"justify\">En la parte trasera de los trabajos figurar\u00e1 un lema que servir\u00e1 para preservar la identidad del autor hasta el fallo del Jurado.<\/p>\n<p align=\"justify\">Cada concursante podr\u00e1 presentar como m\u00e1ximo dos trabajos, con un lema diferente para cada uno de ellos.<\/p>\n<h2 align=\"justify\">CUARTA.- Premios<\/h2>\n<p align=\"justify\">Se establece un premio \u00fanico de 500 euros.<\/p>\n<p align=\"justify\">Los ganadores quedan sometidos a las disposiciones fiscales vigentes, especialmente en lo referente a las retenciones fiscales, que ser\u00e1n aplicadas por los Servicios econ\u00f3micos del Ayuntamiento.<\/p>\n<h2 align=\"justify\"><strong>QUINTA.- Presentaci\u00f3n<\/strong><\/h2>\n<p align=\"justify\">El plazo de entrega y recepci\u00f3n de los trabajos comenzar\u00e1 el 1 de abril a las 9 horas y finalizar\u00e1 el 31 de mayo de 2008, a las 14 horas.<\/p>\n<p align=\"justify\">Para la recepci\u00f3n de env\u00edos por correo s\u00f3lo se admitir\u00e1n aquellos trabajos que se reciban hasta el 9 de junio, siempre y cuando hayan sido enviados dentro de las fechas se\u00f1aladas para la recepci\u00f3n de los trabajos y as\u00ed se acredite.<\/p>\n<p align=\"justify\">No se admitir\u00e1n trabajos antes de la fecha de recepci\u00f3n se\u00f1alada.<\/p>\n<p align=\"justify\">Los trabajos se presentar\u00e1n o enviar\u00e1n, debidamente embalados, al Ayuntamiento de Plasencia, \u00abReferencia Concurso Cartel Festival Folk\u00bb, Centro Cultural Las Claras, C\/ Las Claras, n\u00ba 2, 10600 Plasencia, C\u00e1ceres, en d\u00edas h\u00e1biles de 9&#8217;00 a 14&#8217;00 horas, donde se expedir\u00e1, a petici\u00f3n, recibo acreditativo de su presentaci\u00f3n.<\/p>\n<p align=\"justify\">En un sobre cerrado se incluir\u00e1 el nombre y apellidos del autor o autores de los trabajos, documento nacional de identidad, pasaporte o documento identificativo nacional del participante, domicilio\/s y tel\u00e9fono\/s y una declaraci\u00f3n firmada indicando que el trabajo es original e in\u00e9dito, as\u00ed como cuantas autorizaciones deba adjuntar.<\/p>\n<p align=\"justify\">En caso de personas jur\u00eddicas deber\u00e1n aportar documentaci\u00f3n similar a la anterior pero referida a sociedades.<\/p>\n<p align=\"justify\">En el exterior del sobre indicado, aparecer\u00e1, en letras may\u00fasculas, el mismo lema que figure en la obra presentada, sin constar alusi\u00f3n alguna que permita identificar al concursante, siendo causa de exclusi\u00f3n del concurso el incumplimiento de esta norma.<\/p>\n<p align=\"justify\">En las obras enviadas por correo o agencia de transportes se har\u00e1 constar el d\u00eda y hora de su entrega, sin que exista menci\u00f3n alguna del remitente.<\/p>\n<h2 align=\"justify\">SEXTA.- Jurado<\/h2>\n<p align=\"justify\">La selecci\u00f3n y concesi\u00f3n del premio del Concurso se realizar\u00e1 a propuesta de un Jurado nombrado por resoluci\u00f3n municipal de la Alcald\u00eda-Presidencia. El jurado estar\u00e1 constituido por un presidente, un vicepresidente y cinco vocales nombrados por la Alcald\u00eda, de los cuales al menos 2 ser\u00e1n escogidos de entre artistas de reconocido prestigio. Actuar\u00e1 como Secretario del Jurado un funcionario municipal.<\/p>\n<p align=\"justify\">El Jurado se constituir\u00e1 y reunir\u00e1 al objeto de emitir su fallo. En primer lugar, comprobar\u00e1 una a una todas las obras presentadas para verificar el efectivo cumplimiento de las condiciones establecidas en las presentes bases y, en consecuencia, pronunciarse sobre su admisi\u00f3n definitiva.<\/p>\n<p align=\"justify\">El Jurado, para formular su propuesta de concesi\u00f3n del premio, valorar\u00e1, adem\u00e1s de la concepci\u00f3n, su calidad gr\u00e1fica o pl\u00e1stica, su eficacia anunciadora o informativa y sus condiciones de reproducci\u00f3n.<\/p>\n<p align=\"justify\">El Jurado podr\u00e1 declarar desierto el premio en caso de considerar que ninguno de los trabajos presentados re\u00fanen los m\u00e9ritos suficientes para ser premiados.<\/p>\n<p align=\"justify\">Las decisiones del Jurado ser\u00e1n, en todo caso, inapelables. Los concursantes, por el mero hecho de participar en este concurso, renuncian expresamente al ejercicio de cualquier tipo de reclamaciones contra las resoluciones de aquel.<\/p>\n<p align=\"justify\">El Jurado elevar\u00e1 al \u00f3rgano municipal competente la propuesta del premio que corresponda otorgar.<\/p>\n<p align=\"justify\">La decisi\u00f3n del Jurado se har\u00e1 p\u00fablica, junto con los nombres de las personas que lo compongan, en el Tabl\u00f3n de Edictos de este Ayuntamiento, sin perjuicio de la correspondiente notificaci\u00f3n al ganador del concurso y de su publicaci\u00f3n por los medios que el Ayuntamiento estime oportunos.<\/p>\n<h2 align=\"justify\">S\u00c9PTIMA.- Selecci\u00f3n previa<\/h2>\n<p align=\"justify\">Una vez adoptado el fallo, el Jurado realizar\u00e1 una selecci\u00f3n de las obras presentadas y admitidas a concurso, con las que el Ayuntamiento organizar\u00e1 una exposici\u00f3n que ser\u00e1 anunciada previamente, en el lugar y fecha que determine.<\/p>\n<p align=\"justify\">Los concursantes que deseen mantener su anonimato en la indicada exposici\u00f3n, lo manifestar\u00e1n expresamente as\u00ed en los datos que se adjuntan en el interior de la plica cerrada.<\/p>\n<h2 align=\"justify\">OCTAVA.- Trabajo premiado<\/h2>\n<p align=\"justify\">El trabajo premiado quedar\u00e1 en propiedad en exclusiva del Ayuntamiento de Plasencia. Podr\u00e1 ser reproducido para anunciar el evento y hacer el uso promocional que se estime conveniente, con menci\u00f3n de su autor o autores, aunque no haga referencia directamente al festival.<\/p>\n<p align=\"justify\">El Ayuntamiento queda facultado para introducir modificaciones en el cartel premiado si existiera alguna dificultad t\u00e9cnica para su impresi\u00f3n, o fuera necesario adaptarlo para su uso en otros soportes promoci\u00f3nales o art\u00edsticos, incluida la reproducci\u00f3n total o parcial del trabajo.<\/p>\n<h2 align=\"justify\">NOVENA.- Trabajos no premiados<\/h2>\n<p align=\"justify\">Los trabajos no premiados podr\u00e1n ser recogidos o reclamados a portes debidos previa solicitud de sus autores, una vez resuelto el concurso y realizada la exposici\u00f3n p\u00fablica de los mismos, dentro de los 30 d\u00edas siguientes a la finalizaci\u00f3n de dicha exposici\u00f3n.<\/p>\n<p align=\"justify\">Si en el plazo indicado no se hubieran retirado, se entender\u00e1 que sus autores renuncian a su propiedad a favor del Ayuntamiento de Plasencia, quien podr\u00e1 destruirlos o darles el destino que considere m\u00e1s conveniente, que podr\u00e1 incluir, entre otras medidas, su edici\u00f3n o impresi\u00f3n por parte de este Ayuntamiento.<\/p>\n<h2 align=\"justify\">D\u00c9CIMA.- Publicidad<\/h2>\n<p align=\"justify\">La convocatoria y sus bases se publicar\u00e1n en el Tabl\u00f3n de Edictos de esta Corporaci\u00f3n. Asimismo se anunciar\u00e1 en la p\u00e1gina web del Ayuntamiento de Plasencia (<a href=\"http:\/\/www.aytoplasencia.es\" target=\"_blank\"><u>www.aytoplasencia.es<\/u><\/a>) y se fomentar\u00e1 su promoci\u00f3n internacional.<\/p>\n<p align=\"justify\">En caso de versiones de estas bases traducidas a diversos idiomas, s\u00f3lo la versi\u00f3n en castellano har\u00e1 prueba de original.<\/p>\n<p align=\"justify\">Los sucesivos anuncios relativos al concurso se publicar\u00e1n \u00fanicamente en el Tabl\u00f3n de Edictos del Ayuntamiento de Plasencia y en la p\u00e1gina web del Ayuntamiento de Plasencia.<\/p>\n<h2 align=\"justify\">UND\u00e9CIMA.- Normas finales<\/h2>\n<p align=\"justify\">El hecho de participar en el concurso implica el conocimiento y aceptaci\u00f3n por parte de todos los concursantes de las presentes bases, motivo por el cual no podr\u00e1n impugnarlas una vez formalizada la presentaci\u00f3n.<\/p>\n<p align=\"justify\">En todo lo no previsto en estas Bases los \u00f3rganos competentes del Ayuntamiento, en cada caso, quedar\u00e1n facultados para resolver las dudas que se presenten y tomar los acuerdos necesarios para el buen orden del concurso.<\/p>\n<p align=\"justify\">&#8212;&#8212;&#8212;&#8212;&#8212;&#8212;&#8212;&#8212;&#8212;&#8212;&#8212;&#8212;&#8212;&#8212;&#8212;&#8212;&#8212;<\/p>\n<p align=\"justify\">Si te sirve de apoyo para inspirarte, aqu\u00ed te pongo los carteles de anteriores ediciones:<\/p>\n<table border=\"0\">\n<tr>\n<td><img loading=\"lazy\" decoding=\"async\" src=\"http:\/\/bp0.blogger.com\/_8TbY4XR8uXc\/RrHMzefAtDI\/AAAAAAAAABo\/AYUs9Gx2Kjg\/s400\/cartel.jpg\" alt=\"2007\" style=\"width: 281px; height: 400px\" height=\"400\" width=\"281\" \/><\/td>\n<\/tr>\n<tr>\n<td valign=\"top\"><img loading=\"lazy\" decoding=\"async\" src=\"http:\/\/photos1.blogger.com\/blogger\/2035\/981\/320\/plas.jpg\" alt=\"2006\" style=\"width: 295px; height: 320px\" height=\"320\" width=\"295\" \/><\/td>\n<\/tr>\n<tr>\n<td valign=\"top\">\n<p style=\"text-align: center\"><img loading=\"lazy\" decoding=\"async\" src=\"http:\/\/warrenelcriticon.blogsome.com\/images\/fest_plasencia.jpg\" alt=\"2005\" style=\"width: 160px; height: 149px\" height=\"149\" width=\"160\" \/><\/p>\n<\/td>\n<\/tr>\n<\/table>\n<p align=\"justify\">&nbsp;<\/p>\n","protected":false},"excerpt":{"rendered":"<p>Hace un ratito me han llegado por correo electr\u00f3nico las bases de este concurso, dotado con un \u00fanico premio de 500\u20ac, que os pongo aqu\u00ed mismo: Por Resoluci\u00f3n de la <a href=\"https:\/\/www.fenrique.com\/blog\/2008\/04\/08\/concurso-de-diseno-de-cartel-para-el-festival-internacional-de-folk-de-plasencia-2008\/\" class=\"more-link\">[&hellip;]<\/a><\/p>\n","protected":false},"author":2,"featured_media":0,"comment_status":"open","ping_status":"open","sticky":false,"template":"","format":"standard","meta":{"_exactmetrics_skip_tracking":false,"_exactmetrics_sitenote_active":false,"_exactmetrics_sitenote_note":"","_exactmetrics_sitenote_category":0,"Layout":"","jetpack_post_was_ever_published":false,"_jetpack_newsletter_access":"","_jetpack_dont_email_post_to_subs":false,"_jetpack_newsletter_tier_id":0,"_jetpack_memberships_contains_paywalled_content":false,"_jetpack_memberships_contains_paid_content":false,"footnotes":"","jetpack_publicize_message":"","jetpack_publicize_feature_enabled":true,"jetpack_social_post_already_shared":false,"jetpack_social_options":{"image_generator_settings":{"template":"highway","default_image_id":0,"font":"","enabled":false},"version":2}},"categories":[8,5],"tags":[797,798,795,796],"class_list":["entry","author-fenrique","has-more-link","post-246","post","type-post","status-publish","format-standard","category-carteleria","category-personal-y-transferible","tag-carteles","tag-concurso","tag-festival-fok","tag-plasencia"],"jetpack_publicize_connections":[],"jetpack_featured_media_url":"","jetpack_shortlink":"https:\/\/wp.me\/p172Ei-3Y","jetpack_likes_enabled":true,"jetpack_sharing_enabled":true,"_links":{"self":[{"href":"https:\/\/www.fenrique.com\/blog\/wp-json\/wp\/v2\/posts\/246","targetHints":{"allow":["GET"]}}],"collection":[{"href":"https:\/\/www.fenrique.com\/blog\/wp-json\/wp\/v2\/posts"}],"about":[{"href":"https:\/\/www.fenrique.com\/blog\/wp-json\/wp\/v2\/types\/post"}],"author":[{"embeddable":true,"href":"https:\/\/www.fenrique.com\/blog\/wp-json\/wp\/v2\/users\/2"}],"replies":[{"embeddable":true,"href":"https:\/\/www.fenrique.com\/blog\/wp-json\/wp\/v2\/comments?post=246"}],"version-history":[{"count":0,"href":"https:\/\/www.fenrique.com\/blog\/wp-json\/wp\/v2\/posts\/246\/revisions"}],"wp:attachment":[{"href":"https:\/\/www.fenrique.com\/blog\/wp-json\/wp\/v2\/media?parent=246"}],"wp:term":[{"taxonomy":"category","embeddable":true,"href":"https:\/\/www.fenrique.com\/blog\/wp-json\/wp\/v2\/categories?post=246"},{"taxonomy":"post_tag","embeddable":true,"href":"https:\/\/www.fenrique.com\/blog\/wp-json\/wp\/v2\/tags?post=246"}],"curies":[{"name":"wp","href":"https:\/\/api.w.org\/{rel}","templated":true}]}}