{"id":244,"date":"2008-04-07T16:38:16","date_gmt":"2008-04-07T14:38:16","guid":{"rendered":"http:\/\/www.fenrique.com\/blog\/archives\/244"},"modified":"2008-04-07T16:38:16","modified_gmt":"2008-04-07T14:38:16","slug":"un-poco-cutre-la-verdad","status":"publish","type":"post","link":"https:\/\/www.fenrique.com\/blog\/2008\/04\/07\/un-poco-cutre-la-verdad\/","title":{"rendered":"Un poco cutre, la verdad"},"content":{"rendered":"<p align=\"justify\">Si intentas entrar ahora mismo en la web oficial de <a href=\"http:\/\/www.manolo-garcia.com\" target=\"_blank\">Manolo Garc\u00eda<\/a> sale algo as\u00ed como esto:<\/p>\n<table align=\"justify\" border=\"0\">\n<tr>\n<td style=\"background-color: #a51407\"><img loading=\"lazy\" decoding=\"async\" src=\"http:\/\/uploads.screenshot-program.com\/upl7898855697.jpg\" alt=\"manolo web off\" style=\"width: 500px; height: 112px\" height=\"112\" width=\"500\" \/><\/td>\n<\/tr>\n<\/table>\n<p align=\"justify\">La web est\u00e1 off por exceso de uso del ancho de banda. Algo as\u00ed como que hay m\u00e1s gente visitando de la capacidad que el servidor donde alojada la web, o que la capacidad contratada para este mes ya se ha superado.<\/p>\n<p align=\"justify\">Algo similar nos pas\u00f3 en manolitos.com, pero en aquella ocasi\u00f3n se debi\u00f3 a numerosos ataques al foro de la gramola, pero esto es un poco cutre, sobre todo para la web de alguien tan \u00abrepresentativo\u00bb como es Manolo Garc\u00eda. Esperemos que sea algo temporal y que en breve nos muestren novedades de la Gira y sobre todo del nuevo disco, que tantas ganas tenemos de que salga ya.<\/p>\n<p align=\"justify\">Y que ese nuevo disco tenga m\u00e1s calidad que el hosting de la web.<\/p>\n","protected":false},"excerpt":{"rendered":"<p>Si intentas entrar ahora mismo en la web oficial de Manolo Garc\u00eda sale algo as\u00ed como esto: La web est\u00e1 off por exceso de uso del ancho de banda. Algo <a href=\"https:\/\/www.fenrique.com\/blog\/2008\/04\/07\/un-poco-cutre-la-verdad\/\" class=\"more-link\">[&hellip;]<\/a><\/p>\n","protected":false},"author":2,"featured_media":0,"comment_status":"open","ping_status":"open","sticky":false,"template":"","format":"standard","meta":{"_exactmetrics_skip_tracking":false,"_exactmetrics_sitenote_active":false,"_exactmetrics_sitenote_note":"","_exactmetrics_sitenote_category":0,"Layout":"","jetpack_post_was_ever_published":false,"_jetpack_newsletter_access":"","_jetpack_dont_email_post_to_subs":false,"_jetpack_newsletter_tier_id":0,"_jetpack_memberships_contains_paywalled_content":false,"_jetpack_memberships_contains_paid_content":false,"footnotes":"","jetpack_publicize_message":"","jetpack_publicize_feature_enabled":true,"jetpack_social_post_already_shared":false,"jetpack_social_options":{"image_generator_settings":{"template":"highway","default_image_id":0,"font":"","enabled":false},"version":2}},"categories":[7],"tags":[788,4745,787,786],"class_list":["entry","author-fenrique","post-244","post","type-post","status-publish","format-standard","category-fenrique-piensa-que","tag-exceeded","tag-manolo-garcia","tag-web-bandwith","tag-web-offline"],"jetpack_publicize_connections":[],"jetpack_featured_media_url":"","jetpack_shortlink":"https:\/\/wp.me\/p172Ei-3W","jetpack_likes_enabled":true,"jetpack_sharing_enabled":true,"_links":{"self":[{"href":"https:\/\/www.fenrique.com\/blog\/wp-json\/wp\/v2\/posts\/244","targetHints":{"allow":["GET"]}}],"collection":[{"href":"https:\/\/www.fenrique.com\/blog\/wp-json\/wp\/v2\/posts"}],"about":[{"href":"https:\/\/www.fenrique.com\/blog\/wp-json\/wp\/v2\/types\/post"}],"author":[{"embeddable":true,"href":"https:\/\/www.fenrique.com\/blog\/wp-json\/wp\/v2\/users\/2"}],"replies":[{"embeddable":true,"href":"https:\/\/www.fenrique.com\/blog\/wp-json\/wp\/v2\/comments?post=244"}],"version-history":[{"count":0,"href":"https:\/\/www.fenrique.com\/blog\/wp-json\/wp\/v2\/posts\/244\/revisions"}],"wp:attachment":[{"href":"https:\/\/www.fenrique.com\/blog\/wp-json\/wp\/v2\/media?parent=244"}],"wp:term":[{"taxonomy":"category","embeddable":true,"href":"https:\/\/www.fenrique.com\/blog\/wp-json\/wp\/v2\/categories?post=244"},{"taxonomy":"post_tag","embeddable":true,"href":"https:\/\/www.fenrique.com\/blog\/wp-json\/wp\/v2\/tags?post=244"}],"curies":[{"name":"wp","href":"https:\/\/api.w.org\/{rel}","templated":true}]}}