{"id":225,"date":"2008-03-25T19:05:01","date_gmt":"2008-03-25T18:05:01","guid":{"rendered":"http:\/\/www.fenrique.com\/blog\/archives\/225"},"modified":"2008-03-25T19:07:37","modified_gmt":"2008-03-25T18:07:37","slug":"las-entradas-para-el-concierto-en-merida-de-manolo-garcia-saldran-a-la-venta-este-viernes","status":"publish","type":"post","link":"https:\/\/www.fenrique.com\/blog\/2008\/03\/25\/las-entradas-para-el-concierto-en-merida-de-manolo-garcia-saldran-a-la-venta-este-viernes\/","title":{"rendered":"Las entradas para el concierto en M\u00e9rida de Manolo Garc\u00eda saldr\u00e1n a la venta este viernes 28 de marzo"},"content":{"rendered":"<p>(copio y pego de <a href=\"http:\/\/actualidad.terra.es\/cultura\/articulo\/merida_manolo_garcia_2343097.htm\" target=\"_blank\">terra.es<\/a>)<\/p>\n<p align=\"justify\">Las entradas del concierto que Manolo Garc\u00eda ofrecer\u00e1 el d\u00eda 6 de junio en el Campo de F\u00fatbol del Albergue Juvenil de M\u00e9rida saldr\u00e1 a la venta este viernes, d\u00eda 28.<\/p>\n<p align=\"justify\">Las entradas para este concierto se pondr\u00e1n a la venta a trav\u00e9s de Servicaixa y de Tick Tack Ticket, adem\u00e1s de en otros puntos f\u00edsicos con un precio final de 25 euros.<\/p>\n<p align=\"justify\">En Almendralejo, en el Mes\u00f3n Pata Negra; en Badajoz, en la Concejal\u00eda de Juventud; en Don Benito, en Solo M\u00fasica; en Guare\u00f1a, en El Coto; en La Garrovilla, en Auto Servicios Julia; en M\u00e9rida, en Manolo Lobo Novias; en Montijo, en Bazar Shanghai; en Villanueva de la Serena, en Discos La Clave; en Zafra, en Fontaner\u00eda Moriche, Dial Zafra; y en Zalamea de la Serena, en el Pub Guiquen.<\/p>\n<p align=\"justify\">Adem\u00e1s, toda la informaci\u00f3n de la gira estar\u00e1 disponible en www.manolo-garcia.com.<\/p>\n<p align=\"justify\">(Gracias a <a href=\"http:\/\/www.lasetaweb.com\" target=\"_blank\">Eva<\/a> por el chivatazo)<\/p>\n","protected":false},"excerpt":{"rendered":"<p>(copio y pego de terra.es) Las entradas del concierto que Manolo Garc\u00eda ofrecer\u00e1 el d\u00eda 6 de junio en el Campo de F\u00fatbol del Albergue Juvenil de M\u00e9rida saldr\u00e1 a <a href=\"https:\/\/www.fenrique.com\/blog\/2008\/03\/25\/las-entradas-para-el-concierto-en-merida-de-manolo-garcia-saldran-a-la-venta-este-viernes\/\" class=\"more-link\">[&hellip;]<\/a><\/p>\n","protected":false},"author":2,"featured_media":0,"comment_status":"open","ping_status":"open","sticky":false,"template":"","format":"standard","meta":{"_exactmetrics_skip_tracking":false,"_exactmetrics_sitenote_active":false,"_exactmetrics_sitenote_note":"","_exactmetrics_sitenote_category":0,"Layout":"","jetpack_post_was_ever_published":false,"_jetpack_newsletter_access":"","_jetpack_dont_email_post_to_subs":false,"_jetpack_newsletter_tier_id":0,"_jetpack_memberships_contains_paywalled_content":false,"_jetpack_memberships_contains_paid_content":false,"footnotes":"","jetpack_publicize_message":"","jetpack_publicize_feature_enabled":true,"jetpack_social_post_already_shared":false,"jetpack_social_options":{"image_generator_settings":{"template":"highway","default_image_id":0,"font":"","enabled":false},"version":2}},"categories":[11,5],"tags":[486,709,710,4745,231],"class_list":["entry","author-fenrique","post-225","post","type-post","status-publish","format-standard","category-de-viaje","category-personal-y-transferible","tag-6-de-junio","tag-entradas","tag-manolitoscom","tag-manolo-garcia","tag-merida"],"jetpack_publicize_connections":[],"jetpack_featured_media_url":"","jetpack_shortlink":"https:\/\/wp.me\/p172Ei-3D","jetpack_likes_enabled":true,"jetpack_sharing_enabled":true,"_links":{"self":[{"href":"https:\/\/www.fenrique.com\/blog\/wp-json\/wp\/v2\/posts\/225","targetHints":{"allow":["GET"]}}],"collection":[{"href":"https:\/\/www.fenrique.com\/blog\/wp-json\/wp\/v2\/posts"}],"about":[{"href":"https:\/\/www.fenrique.com\/blog\/wp-json\/wp\/v2\/types\/post"}],"author":[{"embeddable":true,"href":"https:\/\/www.fenrique.com\/blog\/wp-json\/wp\/v2\/users\/2"}],"replies":[{"embeddable":true,"href":"https:\/\/www.fenrique.com\/blog\/wp-json\/wp\/v2\/comments?post=225"}],"version-history":[{"count":0,"href":"https:\/\/www.fenrique.com\/blog\/wp-json\/wp\/v2\/posts\/225\/revisions"}],"wp:attachment":[{"href":"https:\/\/www.fenrique.com\/blog\/wp-json\/wp\/v2\/media?parent=225"}],"wp:term":[{"taxonomy":"category","embeddable":true,"href":"https:\/\/www.fenrique.com\/blog\/wp-json\/wp\/v2\/categories?post=225"},{"taxonomy":"post_tag","embeddable":true,"href":"https:\/\/www.fenrique.com\/blog\/wp-json\/wp\/v2\/tags?post=225"}],"curies":[{"name":"wp","href":"https:\/\/api.w.org\/{rel}","templated":true}]}}