{"id":2226,"date":"2011-11-18T18:59:37","date_gmt":"2011-11-18T17:59:37","guid":{"rendered":"http:\/\/www.fenrique.com\/blog\/?p=2226"},"modified":"2011-11-18T12:25:37","modified_gmt":"2011-11-18T11:25:37","slug":"la-cancion-del-finde-99-ivan-ferreiro-con-xoel-lopez-turnedo","status":"publish","type":"post","link":"https:\/\/www.fenrique.com\/blog\/2011\/11\/18\/la-cancion-del-finde-99-ivan-ferreiro-con-xoel-lopez-turnedo\/","title":{"rendered":"La canci\u00f3n del finde (99) &#8211; Ivan Ferreiro (con Xoel L\u00f3pez) Turnedo"},"content":{"rendered":"<p>Hace como un mes que sali\u00f3 este \u00abConfesiones de un artista de mierda\u00bb (<a href=\"http:\/\/www.lahiguera.net\/musicalia\/artistas\/ivan_ferreiro\/disco\/4561\/\" target=\"_blank\"><span style=\"text-decoration: underline;\">ver referencia en La Higuera<\/span><\/a>), de Iv\u00e1n Ferreiro y hasta esta semana no he tenido oportunidad de escucharlo. He de reconocer que vengo atra\u00eddo por la gran cantidad de canciones de Los Piratas que aparecen, muchas de ellas versionadas y tambi\u00e9n por las colaboraciones que se han hecho, como Santi Balmes (Love of Lesbian) o Xoel Lopez, que canta en la parte final de esta canci\u00f3n que os traigo para que escuch\u00e9is. Se trata de Turnedo, incluida en el disco \u00abCanciones para el tiempo y la distancia\u00bb. Espero que os guste:<\/p>\n<p><object type=\"application\/x-shockwave-flash\" data=\"http:\/\/www.youtube.com\/v\/BqcyZvAnfB4\" width=\"450\" height=\"370\"><param name=\"movie\" value=\"http:\/\/www.youtube.com\/v\/BqcyZvAnfB4\" \/><param name=\"autostart\" value=\"true\" \/><param name=\"wmode\" value=\"transparent\" \/><\/object><br \/>\n<!-- generated by WordPress plugin Embedded Video -->\n<br \/>\nLa letra:<br \/>\nDesde aqu\u00ed, desde mi casa<br \/>\nveo la playa vac\u00eda<br \/>\nya lo estaba hace unos d\u00edas<br \/>\nahora est\u00e1 llena de lluvia<br \/>\ny t\u00fa ah\u00ed sigues sin paraguas<br \/>\nsin tu ropa, paseando<br \/>\ncomo una tarde de julio<br \/>\npero con fr\u00edo y tronando<br \/>\n\u00bfse puede saber qu\u00e9 esperas?<br \/>\n\u00bfque te mire y que te seque?<br \/>\nQue te vea y que me quede<br \/>\ntomando la luna juntos<br \/>\nla luna, t\u00fa y yo expectantes<br \/>\na que pase alg\u00fan cometa<br \/>\no baje un platillo volante<br \/>\ny la playa llora y llora<br \/>\ny desde mi casa grito<br \/>\nque aunque pienso en abrazarte<br \/>\nque aunque pienso en ir contigo<br \/>\nel doctor me recomienda<br \/>\nque no me quite mi abrigo<br \/>\nque no est\u00e9 ya m\u00e1s contigo<br \/>\ny yo no puedo negarme pues<br \/>\nel tipo soy yo mismo<br \/>\nestudi\u00e9 mientras dorm\u00edas<br \/>\ny a\u00fan repaso las lecciones una a una<br \/>\ncada d\u00eda<br \/>\nyo no puedo aconsejarte<br \/>\nya es muy duro lo que llevo<br \/>\ndejemos que corra el aire<br \/>\ny dig\u00e1monos adi\u00f3s.<\/p>\n<p>Aunque siga suspirando<br \/>\npor algo que no era cierto<br \/>\nme lo dicen en los bares<br \/>\nes algo que llevas dentro<br \/>\nque no dejas que te quieran<br \/>\nsolo quieres que te abracen<br \/>\ny publicas que no tuve ni valor<br \/>\npara quedarme<br \/>\nyo romp\u00ed todas tu fotos<br \/>\ntu no dejas de llamarme<br \/>\n\u00bfQuien no tiene valor para marcharse?<br \/>\n\u00bfQuien no tiene valor para marcharse?<br \/>\n\u00bfQuien no tiene el valor para marcharse?<br \/>\n\u00bfQuien prefiere quedarse y aguantar?<br \/>\n\u00bfMarcharse y aguantar?<\/p>\n","protected":false},"excerpt":{"rendered":"<p>Hace como un mes que sali\u00f3 este \u00abConfesiones de un artista de mierda\u00bb (ver referencia en La Higuera), de Iv\u00e1n Ferreiro y hasta esta semana no he tenido oportunidad de <a href=\"https:\/\/www.fenrique.com\/blog\/2011\/11\/18\/la-cancion-del-finde-99-ivan-ferreiro-con-xoel-lopez-turnedo\/\" class=\"more-link\">[&hellip;]<\/a><\/p>\n","protected":false},"author":2,"featured_media":0,"comment_status":"open","ping_status":"open","sticky":false,"template":"","format":"standard","meta":{"_exactmetrics_skip_tracking":false,"_exactmetrics_sitenote_active":false,"_exactmetrics_sitenote_note":"","_exactmetrics_sitenote_category":0,"Layout":"","jetpack_post_was_ever_published":false,"_jetpack_newsletter_access":"","_jetpack_dont_email_post_to_subs":false,"_jetpack_newsletter_tier_id":0,"_jetpack_memberships_contains_paywalled_content":false,"_jetpack_memberships_contains_paid_content":false,"footnotes":"","jetpack_publicize_message":"","jetpack_publicize_feature_enabled":true,"jetpack_social_post_already_shared":false,"jetpack_social_options":{"image_generator_settings":{"template":"highway","default_image_id":0,"font":"","enabled":false},"version":2}},"categories":[12,5,2422],"tags":[3943,3944,1133,3945,661],"class_list":["entry","author-fenrique","post-2226","post","type-post","status-publish","format-standard","category-la-cancion-del-finde","category-personal-y-transferible","category-videoteca","tag-confesiones","tag-confesiones-de-un-artista-de-mierda","tag-directo","tag-grandes-exitos","tag-ivan-ferreiro"],"jetpack_publicize_connections":[],"jetpack_featured_media_url":"","jetpack_shortlink":"https:\/\/wp.me\/p172Ei-zU","jetpack_likes_enabled":true,"jetpack_sharing_enabled":true,"_links":{"self":[{"href":"https:\/\/www.fenrique.com\/blog\/wp-json\/wp\/v2\/posts\/2226","targetHints":{"allow":["GET"]}}],"collection":[{"href":"https:\/\/www.fenrique.com\/blog\/wp-json\/wp\/v2\/posts"}],"about":[{"href":"https:\/\/www.fenrique.com\/blog\/wp-json\/wp\/v2\/types\/post"}],"author":[{"embeddable":true,"href":"https:\/\/www.fenrique.com\/blog\/wp-json\/wp\/v2\/users\/2"}],"replies":[{"embeddable":true,"href":"https:\/\/www.fenrique.com\/blog\/wp-json\/wp\/v2\/comments?post=2226"}],"version-history":[{"count":3,"href":"https:\/\/www.fenrique.com\/blog\/wp-json\/wp\/v2\/posts\/2226\/revisions"}],"predecessor-version":[{"id":2229,"href":"https:\/\/www.fenrique.com\/blog\/wp-json\/wp\/v2\/posts\/2226\/revisions\/2229"}],"wp:attachment":[{"href":"https:\/\/www.fenrique.com\/blog\/wp-json\/wp\/v2\/media?parent=2226"}],"wp:term":[{"taxonomy":"category","embeddable":true,"href":"https:\/\/www.fenrique.com\/blog\/wp-json\/wp\/v2\/categories?post=2226"},{"taxonomy":"post_tag","embeddable":true,"href":"https:\/\/www.fenrique.com\/blog\/wp-json\/wp\/v2\/tags?post=2226"}],"curies":[{"name":"wp","href":"https:\/\/api.w.org\/{rel}","templated":true}]}}