{"id":212,"date":"2008-03-13T13:48:37","date_gmt":"2008-03-13T12:48:37","guid":{"rendered":"http:\/\/www.fenrique.com\/blog\/archives\/212"},"modified":"2008-03-13T13:48:37","modified_gmt":"2008-03-13T12:48:37","slug":"el-proximo-paso-la-champions-league","status":"publish","type":"post","link":"https:\/\/www.fenrique.com\/blog\/2008\/03\/13\/el-proximo-paso-la-champions-league\/","title":{"rendered":"El pr\u00f3ximo paso: La Champions League!"},"content":{"rendered":"<p align=\"justify\">Mi t\u00edo Enrique, que trabaja en Almendralejo, me ha pasado esta noticia que aparece en <a href=\"http:\/\/almendralejodeportivo.blogspot.com\/\" target=\"_blank\">el blog<\/a> (no s\u00e9 si oficial) del deporte en Almendralejo, y donde sale la informaci\u00f3n del equipo de f\u00fatbol U. D. Extremadura, equipo que sustituy\u00f3 al Extremadura C.F. tras su desaparici\u00f3n.<\/p>\n<p align=\"justify\">Y es que el pasado fin de semana, el s\u00e1bado 8, el equipo de mi pueblo, la S.P. Ribere\u00f1a gan\u00f3 en Almendralejo a este equipo, lo que supuso todo un hito en mi pueblo y fue comentado por mucha gente. Adem\u00e1s de que el Extremadura es el actual l\u00edder.<\/p>\n<p align=\"justify\">En la cr\u00f3nica del partido queda bien claro que la Ribere\u00f1a est\u00e1 siendo un equipo fuerte, que aguanta en defensa y ataca bien y que remata los partidos al final, que le ha hecho estar en las \u00faltimas temporadas en la parte alta de la liga (1\u00aa Regional). Adem\u00e1s de que cuenta con un equipo <strike>casi<\/strike> internacional, con jugadores Rumanos, Senegales, Espa\u00f1oles y hasta de la Puebla del Prior!!<\/p>\n<p align=\"justify\">Lee aqu\u00ed la<a href=\"http:\/\/almendralejodeportivo.blogspot.com\/2008\/03\/el-extremadura-ud-cae-en-el-francisco.html\" target=\"_blank\"> cr\u00f3nica completa<\/a><\/p>\n<p align=\"justify\">As\u00ed que, que siga la racha a ver si el a\u00f1o que viene vamos a partidos de Regional Preferente! El pr\u00f3ximo partido es contra la UD. Calzadilla, que van 15 (pen\u00faltimos)<\/p>\n","protected":false},"excerpt":{"rendered":"<p>Mi t\u00edo Enrique, que trabaja en Almendralejo, me ha pasado esta noticia que aparece en el blog (no s\u00e9 si oficial) del deporte en Almendralejo, y donde sale la informaci\u00f3n <a href=\"https:\/\/www.fenrique.com\/blog\/2008\/03\/13\/el-proximo-paso-la-champions-league\/\" class=\"more-link\">[&hellip;]<\/a><\/p>\n","protected":false},"author":2,"featured_media":0,"comment_status":"open","ping_status":"open","sticky":false,"template":"","format":"standard","meta":{"_exactmetrics_skip_tracking":false,"_exactmetrics_sitenote_active":false,"_exactmetrics_sitenote_note":"","_exactmetrics_sitenote_category":0,"Layout":"","jetpack_post_was_ever_published":false,"_jetpack_newsletter_access":"","_jetpack_dont_email_post_to_subs":false,"_jetpack_newsletter_tier_id":0,"_jetpack_memberships_contains_paywalled_content":false,"_jetpack_memberships_contains_paid_content":false,"footnotes":"","jetpack_publicize_message":"","jetpack_publicize_feature_enabled":true,"jetpack_social_post_already_shared":false,"jetpack_social_options":{"image_generator_settings":{"template":"highway","default_image_id":0,"font":"","enabled":false},"version":2}},"categories":[31,5],"tags":[650,131,657,4743,656],"class_list":["entry","author-fenrique","post-212","post","type-post","status-publish","format-standard","category-haciendo-deporte","category-personal-y-transferible","tag-almendralejo","tag-futbol","tag-primera-regional","tag-ribera-del-fresno","tag-sp-riberena"],"jetpack_publicize_connections":[],"jetpack_featured_media_url":"","jetpack_shortlink":"https:\/\/wp.me\/p172Ei-3q","jetpack_likes_enabled":true,"jetpack_sharing_enabled":true,"_links":{"self":[{"href":"https:\/\/www.fenrique.com\/blog\/wp-json\/wp\/v2\/posts\/212","targetHints":{"allow":["GET"]}}],"collection":[{"href":"https:\/\/www.fenrique.com\/blog\/wp-json\/wp\/v2\/posts"}],"about":[{"href":"https:\/\/www.fenrique.com\/blog\/wp-json\/wp\/v2\/types\/post"}],"author":[{"embeddable":true,"href":"https:\/\/www.fenrique.com\/blog\/wp-json\/wp\/v2\/users\/2"}],"replies":[{"embeddable":true,"href":"https:\/\/www.fenrique.com\/blog\/wp-json\/wp\/v2\/comments?post=212"}],"version-history":[{"count":0,"href":"https:\/\/www.fenrique.com\/blog\/wp-json\/wp\/v2\/posts\/212\/revisions"}],"wp:attachment":[{"href":"https:\/\/www.fenrique.com\/blog\/wp-json\/wp\/v2\/media?parent=212"}],"wp:term":[{"taxonomy":"category","embeddable":true,"href":"https:\/\/www.fenrique.com\/blog\/wp-json\/wp\/v2\/categories?post=212"},{"taxonomy":"post_tag","embeddable":true,"href":"https:\/\/www.fenrique.com\/blog\/wp-json\/wp\/v2\/tags?post=212"}],"curies":[{"name":"wp","href":"https:\/\/api.w.org\/{rel}","templated":true}]}}