{"id":211,"date":"2008-03-12T10:52:14","date_gmt":"2008-03-12T09:52:14","guid":{"rendered":"http:\/\/www.fenrique.com\/blog\/archives\/211"},"modified":"2008-03-12T11:16:03","modified_gmt":"2008-03-12T10:16:03","slug":"manolo-garcia-en-merida-3","status":"publish","type":"post","link":"https:\/\/www.fenrique.com\/blog\/2008\/03\/12\/manolo-garcia-en-merida-3\/","title":{"rendered":"Manolo Garc\u00eda en M\u00e9rida (3)"},"content":{"rendered":"<p align=\"justify\">Acabo de llamar al Ayuntamiento de M\u00e9rida y me han dicho que el pr\u00f3ximo viernes, 14 de marzo se va a celebrar una rueda de prensa para presentar la oferta cultural de conciertos de la temporada primavera &#8211; verano en la capital extreme\u00f1a (Iron Maiden,Bob Dylan, Manolo Garc\u00eda, Pereza..) y que el lunes, seguramente, se pongan a la venta las entradas para el concierto de Manolo Garc\u00eda.<\/p>\n<p align=\"justify\">Tambi\u00e9n se sabr\u00e1n los puntos de venta autorizados.<\/p>\n<p align=\"justify\">En cuanto los sepa, os lo pongo por aqu\u00ed, para que no perd\u00e1is la ocasi\u00f3n de asistir.<\/p>\n<p align=\"justify\">Para ir abriendo boca, en la web oficial de <a href=\"http:\/\/www.manolo-garcia.com\" target=\"_blank\">Manolo Garc\u00eda<\/a> ya han puesto algunas fechas confirmadas, y por supuesto, est\u00e1 la de M\u00e9rida, para el 6 de junio. El comienzo de gira ser\u00e1 en Granada, el 31 de mayo, donde a falta de conseguir entrada, puedo ya asegurar que estaremos. El segundo concierto de la gir\u00e1 ser\u00e1 el de M\u00e9rida y el siguiente, el s\u00e1bado 7 de junio, en Gibrale\u00f3n, Huelva.<\/p>\n","protected":false},"excerpt":{"rendered":"<p>Acabo de llamar al Ayuntamiento de M\u00e9rida y me han dicho que el pr\u00f3ximo viernes, 14 de marzo se va a celebrar una rueda de prensa para presentar la oferta <a href=\"https:\/\/www.fenrique.com\/blog\/2008\/03\/12\/manolo-garcia-en-merida-3\/\" class=\"more-link\">[&hellip;]<\/a><\/p>\n","protected":false},"author":2,"featured_media":0,"comment_status":"open","ping_status":"open","sticky":false,"template":"","format":"standard","meta":{"_exactmetrics_skip_tracking":false,"_exactmetrics_sitenote_active":false,"_exactmetrics_sitenote_note":"","_exactmetrics_sitenote_category":0,"Layout":"","jetpack_post_was_ever_published":false,"_jetpack_newsletter_access":"","_jetpack_dont_email_post_to_subs":false,"_jetpack_newsletter_tier_id":0,"_jetpack_memberships_contains_paywalled_content":false,"_jetpack_memberships_contains_paid_content":false,"footnotes":"","jetpack_publicize_message":"","jetpack_publicize_feature_enabled":true,"jetpack_social_post_already_shared":false,"jetpack_social_options":{"image_generator_settings":{"template":"highway","default_image_id":0,"font":"","enabled":false},"version":2}},"categories":[11,5],"tags":[654,652,653,655,155,4745,231],"class_list":["entry","author-fenrique","post-211","post","type-post","status-publish","format-standard","category-de-viaje","category-personal-y-transferible","tag-gibraleon","tag-gira-2008","tag-granada","tag-manoleros","tag-manolitos","tag-manolo-garcia","tag-merida"],"jetpack_publicize_connections":[],"jetpack_featured_media_url":"","jetpack_shortlink":"https:\/\/wp.me\/p172Ei-3p","jetpack_likes_enabled":true,"jetpack_sharing_enabled":true,"_links":{"self":[{"href":"https:\/\/www.fenrique.com\/blog\/wp-json\/wp\/v2\/posts\/211","targetHints":{"allow":["GET"]}}],"collection":[{"href":"https:\/\/www.fenrique.com\/blog\/wp-json\/wp\/v2\/posts"}],"about":[{"href":"https:\/\/www.fenrique.com\/blog\/wp-json\/wp\/v2\/types\/post"}],"author":[{"embeddable":true,"href":"https:\/\/www.fenrique.com\/blog\/wp-json\/wp\/v2\/users\/2"}],"replies":[{"embeddable":true,"href":"https:\/\/www.fenrique.com\/blog\/wp-json\/wp\/v2\/comments?post=211"}],"version-history":[{"count":0,"href":"https:\/\/www.fenrique.com\/blog\/wp-json\/wp\/v2\/posts\/211\/revisions"}],"wp:attachment":[{"href":"https:\/\/www.fenrique.com\/blog\/wp-json\/wp\/v2\/media?parent=211"}],"wp:term":[{"taxonomy":"category","embeddable":true,"href":"https:\/\/www.fenrique.com\/blog\/wp-json\/wp\/v2\/categories?post=211"},{"taxonomy":"post_tag","embeddable":true,"href":"https:\/\/www.fenrique.com\/blog\/wp-json\/wp\/v2\/tags?post=211"}],"curies":[{"name":"wp","href":"https:\/\/api.w.org\/{rel}","templated":true}]}}