{"id":2105,"date":"2011-05-23T20:19:07","date_gmt":"2011-05-23T18:19:07","guid":{"rendered":"http:\/\/www.fenrique.com\/blog\/?p=2105"},"modified":"2011-05-23T18:31:18","modified_gmt":"2011-05-23T16:31:18","slug":"la-triste-perdida-de-un-hombre-alegre","status":"publish","type":"post","link":"https:\/\/www.fenrique.com\/blog\/2011\/05\/23\/la-triste-perdida-de-un-hombre-alegre\/","title":{"rendered":"La triste p\u00e9rdida de un hombre alegre"},"content":{"rendered":"<p>Ten\u00eda pensado retomar el blog, despu\u00e9s de un mes, con un cl\u00e1sico, el recuento de los votos en mi pueblo, Ribera del Fresno, pero esa entrada esperar\u00e1 para ma\u00f1ana u otro d\u00eda. Hoy quiero mostrar mi consternaci\u00f3n y pena por el<a href=\"http:\/\/www.biciciclismo.com\/cas\/site\/noticias-ficha.asp?id=39162\" target=\"_blank\"> fallecimiento del ciclista Xavi Tondo<\/a> en un accidente dom\u00e9stico. No le conoc\u00eda en persona, pero es de ese tipo de gente que veo por la tele o por referencias y me dan buen rollo. Siempre con una sonrisa y siempre amable. No es que haya sido el tipo de ciclista en el que me haya fijado, a pesar de ser un fuera de serie, pero s\u00ed como persona, como digo.<\/p>\n<p>Y todo eso qued\u00f3 confirmado con el fant\u00e1stico reportaje que le hizo Javi desde <a href=\"http:\/\/www.youtube.com\/user\/Avanzamosciclismo\" target=\"_blank\">AvanzamosTV<\/a> durante la pasada Vuelta a Castilla y Le\u00f3n, en la Crono de Zamora, hace un mes y poco:<\/p>\n<object type=\"application\/x-shockwave-flash\" data=\"http:\/\/www.youtube.com\/v\/g-D4sUBsDjM\" width=\"450\" height=\"370\"><param name=\"movie\" value=\"http:\/\/www.youtube.com\/v\/g-D4sUBsDjM\" \/><param name=\"autostart\" value=\"true\" \/><param name=\"wmode\" value=\"transparent\" \/><\/object><br \/>\n<!-- generated by WordPress plugin Embedded Video -->\n\n<p>Mi p\u00e9same a toda sus familiares, familia ciclista y amigos, que seguro que sois muchos.<\/p>\n<p>Descansa en Paz, Xavi<\/p>\n","protected":false},"excerpt":{"rendered":"<p>Ten\u00eda pensado retomar el blog, despu\u00e9s de un mes, con un cl\u00e1sico, el recuento de los votos en mi pueblo, Ribera del Fresno, pero esa entrada esperar\u00e1 para ma\u00f1ana u <a href=\"https:\/\/www.fenrique.com\/blog\/2011\/05\/23\/la-triste-perdida-de-un-hombre-alegre\/\" class=\"more-link\">[&hellip;]<\/a><\/p>\n","protected":false},"author":2,"featured_media":0,"comment_status":"open","ping_status":"open","sticky":false,"template":"","format":"standard","meta":{"_exactmetrics_skip_tracking":false,"_exactmetrics_sitenote_active":false,"_exactmetrics_sitenote_note":"","_exactmetrics_sitenote_category":0,"Layout":"","jetpack_post_was_ever_published":false,"_jetpack_newsletter_access":"","_jetpack_dont_email_post_to_subs":false,"_jetpack_newsletter_tier_id":0,"_jetpack_memberships_contains_paywalled_content":false,"_jetpack_memberships_contains_paid_content":false,"footnotes":"","jetpack_publicize_message":"","jetpack_publicize_feature_enabled":true,"jetpack_social_post_already_shared":false,"jetpack_social_options":{"image_generator_settings":{"template":"highway","default_image_id":0,"font":"","enabled":false},"version":2}},"categories":[7,5],"tags":[3517,3834,3833,596,1470,3832,3831],"class_list":["entry","author-fenrique","post-2105","post","type-post","status-publish","format-standard","category-fenrique-piensa-que","category-personal-y-transferible","tag-avanzamos","tag-avanzamos-tv","tag-dep","tag-fallecimiento","tag-movistar","tag-rip","tag-xavi-tondo"],"jetpack_publicize_connections":[],"jetpack_featured_media_url":"","jetpack_shortlink":"https:\/\/wp.me\/p172Ei-xX","jetpack_likes_enabled":true,"jetpack_sharing_enabled":true,"_links":{"self":[{"href":"https:\/\/www.fenrique.com\/blog\/wp-json\/wp\/v2\/posts\/2105","targetHints":{"allow":["GET"]}}],"collection":[{"href":"https:\/\/www.fenrique.com\/blog\/wp-json\/wp\/v2\/posts"}],"about":[{"href":"https:\/\/www.fenrique.com\/blog\/wp-json\/wp\/v2\/types\/post"}],"author":[{"embeddable":true,"href":"https:\/\/www.fenrique.com\/blog\/wp-json\/wp\/v2\/users\/2"}],"replies":[{"embeddable":true,"href":"https:\/\/www.fenrique.com\/blog\/wp-json\/wp\/v2\/comments?post=2105"}],"version-history":[{"count":1,"href":"https:\/\/www.fenrique.com\/blog\/wp-json\/wp\/v2\/posts\/2105\/revisions"}],"predecessor-version":[{"id":2106,"href":"https:\/\/www.fenrique.com\/blog\/wp-json\/wp\/v2\/posts\/2105\/revisions\/2106"}],"wp:attachment":[{"href":"https:\/\/www.fenrique.com\/blog\/wp-json\/wp\/v2\/media?parent=2105"}],"wp:term":[{"taxonomy":"category","embeddable":true,"href":"https:\/\/www.fenrique.com\/blog\/wp-json\/wp\/v2\/categories?post=2105"},{"taxonomy":"post_tag","embeddable":true,"href":"https:\/\/www.fenrique.com\/blog\/wp-json\/wp\/v2\/tags?post=2105"}],"curies":[{"name":"wp","href":"https:\/\/api.w.org\/{rel}","templated":true}]}}